{"id":111136,"date":"2021-02-12T15:30:59","date_gmt":"2021-02-12T20:30:59","guid":{"rendered":"https:\/\/linitiative.ca\/International\/equipe-dalgerie-faf-si-la-fifa-ne-nous-interpelle-pas-on-se-soumettra-a-linstruction-du-mjs\/"},"modified":"2021-02-12T15:30:59","modified_gmt":"2021-02-12T20:30:59","slug":"equipe-dalgerie-faf-si-la-fifa-ne-nous-interpelle-pas-on-se-soumettra-a-linstruction-du-mjs","status":"publish","type":"post","link":"https:\/\/linitiative.ca\/International\/equipe-dalgerie-faf-si-la-fifa-ne-nous-interpelle-pas-on-se-soumettra-a-linstruction-du-mjs\/","title":{"rendered":"Equipe d&rsquo;Alg\u00e9rie : FAF: \u00ab\u00a0Si la FIFA ne nous interpelle pas, on se soumettra \u00e0 l&rsquo;instruction du MJS\u00a0\u00bb"},"content":{"rendered":"<div readability=\"32\">\n<p>Auteur : <span>APS<\/span> <span class=\"time\">vendredi 12 f\u00e9vrier 2021 16:54<\/span><\/p>\n<\/div>\n<div id=\"post_core\" readability=\"55\">\n<p>La F\u00e9d\u00e9ration alg\u00e9rienne de football (FAF), va se soumettre \u00e0 la derni\u00e8re instruction du minist\u00e8re de la Jeunesse et des Sports (MJS), autorisant les modifications des codes \u00e9lectoraux et les statuts qu&rsquo;apr\u00e8s la tenue de l&rsquo;assembl\u00e9e g\u00e9n\u00e9rale \u00e9lective (AGE), dans le cas o\u00f9 la F\u00e9d\u00e9ration internationale (FIFA) n&rsquo;interpelle pas l&rsquo;instance f\u00e9d\u00e9rale, a affirm\u00e9 vendredi le secr\u00e9taire g\u00e9n\u00e9ral de la FAF, Mohamed Sa\u00e2d. \u00ab\u00a0Si nous ne recevons aucune correspondance de la FIFA concernant ce dossier, nous serons oblig\u00e9s de se conformer \u00e0 la derni\u00e8re instruction du MJS que nous respectons. Notre objectif est d&rsquo;\u00e9viter \u00e0 l&rsquo;\u00e9quipe nationale des sanctions de la part de l&rsquo;instance internationale\u00a0\u00bb, a-t-il indiqu\u00e9 sur les ondes de la radio nationale. Dans un communiqu\u00e9 diffus\u00e9 mardi \u00e0 l&rsquo;attention de l&rsquo;ensemble des f\u00e9d\u00e9rations sportives, le MJS a indiqu\u00e9 que les modifications des codes \u00e9lectoraux et les statuts seront autoris\u00e9s qu&rsquo;apr\u00e8s la tenue de l&rsquo;assembl\u00e9e g\u00e9n\u00e9rale \u00e9lective (AGE) pour le nouveau mandat olympique (2021-2024). \u00ab\u00a0Cette d\u00e9cision a \u00e9t\u00e9 prise dans le cadre des dispositions de la loi N.13-05 du 23 juillet 2013 et relatives \u00e0 l&rsquo;organisation et au d\u00e9veloppement des activit\u00e9s physiques et sportives et de la r\u00e9glementation en vigueur\u00a0\u00bb, pr\u00e9cise le MJS, tout en insistant sur \u00ab\u00a0la stricte application de la l\u00e9gislation et de la r\u00e9glementation en vigueur\u00a0\u00bb, ainsi que \u00ab\u00a0le respect des r\u00e8gles d&rsquo;\u00e9thiques, de transparence et de bonne gouvernance tout au long du processus \u00e9lectoral\u00a0\u00bb. Dans le cas o\u00f9 la FIFA entre en sc\u00e8ne, le SG de l&rsquo;instance f\u00e9d\u00e9rale n&rsquo;a pas \u00e9cart\u00e9 l&rsquo;id\u00e9e de recourir \u00e0 une visioconf\u00e9rence regroupant la FAF, le MJS, et la FIFA, \u00ab\u00a0pour essayer de trouver un compromis\u00a0\u00bb, dans l&rsquo;objectif de proc\u00e9der \u00e0 l&rsquo;amendement des statuts de la FAF, avant l&rsquo;organisation de l&rsquo;assembl\u00e9e g\u00e9n\u00e9rale \u00e9lective (AGE), comme exig\u00e9 par la FIFA. La FAF s&rsquo;est engag\u00e9e depuis novembre 2019 dans un projet d&rsquo;amendement de ses statuts, afin de suivre les recommandations de la FIFA qui cherche \u00e0 harmoniser le fonctionnement de toutes les f\u00e9d\u00e9rations sous ses ordres.<\/p>\n<p><strong>Publi\u00e9 dans :<\/strong> <span>faf<\/span><\/p>\n<\/div>\n<p>Auteur:<br \/>\n<a href=\"http:\/\/www.lebuteur.com\/article\/detail?titre=faf-si-la-fifa-ne-nous-interpelle-pas-on-se-soumettra-a-linstruction-du-mjs&#038;id=99043&#038;utm_source=feedburner&#038;utm_medium=feed&#038;utm_campaign=Feed%3A+GalerieFArtciles+%28Les+derniers+articles++-+lebuteur.com%29\">Cliquez ici pour lire l&rsquo;article depuis sa source.<\/a><\/p>\n","protected":false},"excerpt":{"rendered":"<p>Auteur : APS vendredi 12 f\u00e9vrier 2021 16:54 La F\u00e9d\u00e9ration alg\u00e9rienne de football (FAF), va se soumettre \u00e0 la derni\u00e8re instruction du minist\u00e8re de la Jeunesse et des Sports (MJS), autorisant les modifications des codes \u00e9lectoraux et les statuts qu&rsquo;apr\u00e8s la tenue de l&rsquo;assembl\u00e9e g\u00e9n\u00e9rale \u00e9lective (AGE), dans le cas o\u00f9 la F\u00e9d\u00e9ration internationale (FIFA) [&hellip;]<\/p>\n","protected":false},"author":1738,"featured_media":0,"comment_status":"closed","ping_status":"closed","sticky":false,"template":"","format":"standard","meta":{"fifu_image_url":"\/\/cdn.lebuteur.com\/data\/images\/article\/thumbs\/large-faf-si-la-fifa-ne-nous-interpelle-pas-on-se-soumettra-a-linstruction-du-mjs-75396.jpg","fifu_image_alt":"Equipe d'Alg\u00e9rie : FAF: \"Si la FIFA ne nous interpelle pas, on se soumettra \u00e0 l'instruction du MJS\"","footnotes":""},"categories":[53,75],"tags":[],"class_list":["post-111136","post","type-post","status-publish","format-standard","hentry","category-algerie","category-sport"],"_links":{"self":[{"href":"https:\/\/linitiative.ca\/International\/wp-json\/wp\/v2\/posts\/111136","targetHints":{"allow":["GET"]}}],"collection":[{"href":"https:\/\/linitiative.ca\/International\/wp-json\/wp\/v2\/posts"}],"about":[{"href":"https:\/\/linitiative.ca\/International\/wp-json\/wp\/v2\/types\/post"}],"author":[{"embeddable":true,"href":"https:\/\/linitiative.ca\/International\/wp-json\/wp\/v2\/users\/1738"}],"replies":[{"embeddable":true,"href":"https:\/\/linitiative.ca\/International\/wp-json\/wp\/v2\/comments?post=111136"}],"version-history":[{"count":0,"href":"https:\/\/linitiative.ca\/International\/wp-json\/wp\/v2\/posts\/111136\/revisions"}],"wp:attachment":[{"href":"https:\/\/linitiative.ca\/International\/wp-json\/wp\/v2\/media?parent=111136"}],"wp:term":[{"taxonomy":"category","embeddable":true,"href":"https:\/\/linitiative.ca\/International\/wp-json\/wp\/v2\/categories?post=111136"},{"taxonomy":"post_tag","embeddable":true,"href":"https:\/\/linitiative.ca\/International\/wp-json\/wp\/v2\/tags?post=111136"}],"curies":[{"name":"wp","href":"https:\/\/api.w.org\/{rel}","templated":true}]}}