{"id":111137,"date":"2021-02-12T15:31:02","date_gmt":"2021-02-12T20:31:02","guid":{"rendered":"https:\/\/linitiative.ca\/International\/pros-ogc-nice-atal-de-retour-dans-10-jours\/"},"modified":"2021-02-12T15:31:02","modified_gmt":"2021-02-12T20:31:02","slug":"pros-ogc-nice-atal-de-retour-dans-10-jours","status":"publish","type":"post","link":"https:\/\/linitiative.ca\/International\/pros-ogc-nice-atal-de-retour-dans-10-jours\/","title":{"rendered":"Pros : OGC Nice: Atal de retour dans 10 jours?"},"content":{"rendered":"<div readability=\"32\">\n<p>Auteur : <span class=\"time\">vendredi 12 f\u00e9vrier 2021 17:02<\/span><\/p>\n<\/div>\n<div id=\"post_core\" readability=\"40\">\n<p>\u00c9loign\u00e9 des terrains depuis le 23 janvier en raison d&rsquo;une l\u00e9sion musculaire \u00e0 une cuisse, Youcef Atal devrait effectuer son retour dans une dizaine de jours. \u00abIl pourra int\u00e9grer l&rsquo;\u00e9quipe apr\u00e8s le match contre Metz (26e j., 21 f\u00e9vrier). Ce ne sera pas de sit\u00f4t\u00bb, a d\u00e9clar\u00e9 vendredi Adrian Ursea en conf\u00e9rence de presse comme rapport\u00e9 par l\u2019Equipe.fr. L&rsquo;entra\u00eeneur de l&rsquo;OGC Nice a \u00e9galement donn\u00e9 des nouvelles de Kasper Dolberg (appendicite). \u00ab Kasper est en convalescence. La semaine prochaine, il va commencer \u00e0 courir. Il va faire un dernier examen le jour de Metz et si les feux sont au vert, il va r\u00e9int\u00e9grer le groupe de suite apr\u00e8s ce match. \u00bb<\/p>\n<p><strong>Publi\u00e9 dans :<\/strong> <span>Atal<\/span><\/p>\n<\/div>\n<p>Auteur:<br \/>\n<a href=\"http:\/\/www.lebuteur.com\/article\/detail?titre=ogc-nice-atal-de-retour-dans-10-jours&#038;id=99044&#038;utm_source=feedburner&#038;utm_medium=feed&#038;utm_campaign=Feed%3A+GalerieFArtciles+%28Les+derniers+articles++-+lebuteur.com%29\">Cliquez ici pour lire l&rsquo;article depuis sa source.<\/a><\/p>\n","protected":false},"excerpt":{"rendered":"<p>Auteur : vendredi 12 f\u00e9vrier 2021 17:02 \u00c9loign\u00e9 des terrains depuis le 23 janvier en raison d&rsquo;une l\u00e9sion musculaire \u00e0 une cuisse, Youcef Atal devrait effectuer son retour dans une dizaine de jours. \u00abIl pourra int\u00e9grer l&rsquo;\u00e9quipe apr\u00e8s le match contre Metz (26e j., 21 f\u00e9vrier). Ce ne sera pas de sit\u00f4t\u00bb, a d\u00e9clar\u00e9 vendredi [&hellip;]<\/p>\n","protected":false},"author":1738,"featured_media":0,"comment_status":"closed","ping_status":"closed","sticky":false,"template":"","format":"standard","meta":{"fifu_image_url":"\/\/cdn.lebuteur.com\/data\/images\/article\/thumbs\/large-ogc-nice-atal-de-retour-dans-10-jours-011f0.jpg","fifu_image_alt":"Pros : OGC Nice: Atal de retour dans 10 jours?","footnotes":""},"categories":[53,75],"tags":[],"class_list":["post-111137","post","type-post","status-publish","format-standard","hentry","category-algerie","category-sport"],"_links":{"self":[{"href":"https:\/\/linitiative.ca\/International\/wp-json\/wp\/v2\/posts\/111137","targetHints":{"allow":["GET"]}}],"collection":[{"href":"https:\/\/linitiative.ca\/International\/wp-json\/wp\/v2\/posts"}],"about":[{"href":"https:\/\/linitiative.ca\/International\/wp-json\/wp\/v2\/types\/post"}],"author":[{"embeddable":true,"href":"https:\/\/linitiative.ca\/International\/wp-json\/wp\/v2\/users\/1738"}],"replies":[{"embeddable":true,"href":"https:\/\/linitiative.ca\/International\/wp-json\/wp\/v2\/comments?post=111137"}],"version-history":[{"count":0,"href":"https:\/\/linitiative.ca\/International\/wp-json\/wp\/v2\/posts\/111137\/revisions"}],"wp:attachment":[{"href":"https:\/\/linitiative.ca\/International\/wp-json\/wp\/v2\/media?parent=111137"}],"wp:term":[{"taxonomy":"category","embeddable":true,"href":"https:\/\/linitiative.ca\/International\/wp-json\/wp\/v2\/categories?post=111137"},{"taxonomy":"post_tag","embeddable":true,"href":"https:\/\/linitiative.ca\/International\/wp-json\/wp\/v2\/tags?post=111137"}],"curies":[{"name":"wp","href":"https:\/\/api.w.org\/{rel}","templated":true}]}}