{"id":111138,"date":"2021-02-12T15:31:05","date_gmt":"2021-02-12T20:31:05","guid":{"rendered":"https:\/\/linitiative.ca\/International\/pros-dijon-benzia-voit-enfin-le-bout-du-tunnel\/"},"modified":"2021-02-12T15:31:05","modified_gmt":"2021-02-12T20:31:05","slug":"pros-dijon-benzia-voit-enfin-le-bout-du-tunnel","status":"publish","type":"post","link":"https:\/\/linitiative.ca\/International\/pros-dijon-benzia-voit-enfin-le-bout-du-tunnel\/","title":{"rendered":"Pros : Dijon : Benzia voit enfin le bout du tunnel"},"content":{"rendered":"<div readability=\"32\">\n<p>Auteur : <span class=\"time\">vendredi 12 f\u00e9vrier 2021 19:55<\/span><\/p>\n<\/div>\n<div id=\"post_core\" readability=\"44\">\n<p>Pr\u00e8s de neuf mois apr\u00e8s l&rsquo;accident de buggy dans lequel il avait \u00e9t\u00e9 gravement bless\u00e9 \u00e0 la main gauche, le milieu de Dijon Yassine Benzia, qui a r\u00e9cemment repris l&rsquo;entra\u00eenement collectif avec l&rsquo;aval des m\u00e9decins, va pouvoir disputer un match. \u00ab\u00a0Yassine Benzia jouera un match amical avec la r\u00e9serve ce week-end, a annonc\u00e9 ce vendredi David Linar\u00e8s, l&rsquo;entra\u00eeneur de Dijon, en conf\u00e9rence de presse. C&rsquo;est une bonne nouvelle, c&rsquo;est une \u00e9tape importante dans son parcours de reprise.\u00a0\u00bb La r\u00e9serve du DFCO, qui \u00e9volue en N3, jouera samedi \u00e0 Nancy (coup d&rsquo;envoi \u00e0 12 heures) comme le rapporte France Football.<\/p>\n<p><strong>Publi\u00e9 dans :<\/strong> <span>benzia<\/span><\/p>\n<\/div>\n<p>Auteur:<br \/>\n<a href=\"http:\/\/www.lebuteur.com\/article\/detail?titre=dijon-benzia-voit-enfin-le-bout-du-tunnel&#038;id=99045&#038;utm_source=feedburner&#038;utm_medium=feed&#038;utm_campaign=Feed%3A+GalerieFArtciles+%28Les+derniers+articles++-+lebuteur.com%29\">Cliquez ici pour lire l&rsquo;article depuis sa source.<\/a><\/p>\n","protected":false},"excerpt":{"rendered":"<p>Auteur : vendredi 12 f\u00e9vrier 2021 19:55 Pr\u00e8s de neuf mois apr\u00e8s l&rsquo;accident de buggy dans lequel il avait \u00e9t\u00e9 gravement bless\u00e9 \u00e0 la main gauche, le milieu de Dijon Yassine Benzia, qui a r\u00e9cemment repris l&rsquo;entra\u00eenement collectif avec l&rsquo;aval des m\u00e9decins, va pouvoir disputer un match. \u00ab\u00a0Yassine Benzia jouera un match amical avec la [&hellip;]<\/p>\n","protected":false},"author":1738,"featured_media":0,"comment_status":"closed","ping_status":"closed","sticky":false,"template":"","format":"standard","meta":{"fifu_image_url":"\/\/cdn.lebuteur.com\/data\/images\/article\/thumbs\/large-dijon-benzia-voit-enfin-le-bout-du-tunnel-692cb.jpg","fifu_image_alt":"Pros : Dijon : Benzia voit enfin le bout du tunnel","footnotes":""},"categories":[53,75],"tags":[],"class_list":["post-111138","post","type-post","status-publish","format-standard","hentry","category-algerie","category-sport"],"_links":{"self":[{"href":"https:\/\/linitiative.ca\/International\/wp-json\/wp\/v2\/posts\/111138","targetHints":{"allow":["GET"]}}],"collection":[{"href":"https:\/\/linitiative.ca\/International\/wp-json\/wp\/v2\/posts"}],"about":[{"href":"https:\/\/linitiative.ca\/International\/wp-json\/wp\/v2\/types\/post"}],"author":[{"embeddable":true,"href":"https:\/\/linitiative.ca\/International\/wp-json\/wp\/v2\/users\/1738"}],"replies":[{"embeddable":true,"href":"https:\/\/linitiative.ca\/International\/wp-json\/wp\/v2\/comments?post=111138"}],"version-history":[{"count":0,"href":"https:\/\/linitiative.ca\/International\/wp-json\/wp\/v2\/posts\/111138\/revisions"}],"wp:attachment":[{"href":"https:\/\/linitiative.ca\/International\/wp-json\/wp\/v2\/media?parent=111138"}],"wp:term":[{"taxonomy":"category","embeddable":true,"href":"https:\/\/linitiative.ca\/International\/wp-json\/wp\/v2\/categories?post=111138"},{"taxonomy":"post_tag","embeddable":true,"href":"https:\/\/linitiative.ca\/International\/wp-json\/wp\/v2\/tags?post=111138"}],"curies":[{"name":"wp","href":"https:\/\/api.w.org\/{rel}","templated":true}]}}