{"id":111139,"date":"2021-02-12T15:27:28","date_gmt":"2021-02-12T20:27:28","guid":{"rendered":"https:\/\/linitiative.ca\/International\/apres-un-mois-de-soins-en-allemagne-tebboune-de-retour-au-pays\/"},"modified":"2021-02-12T15:27:28","modified_gmt":"2021-02-12T20:27:28","slug":"apres-un-mois-de-soins-en-allemagne-tebboune-de-retour-au-pays","status":"publish","type":"post","link":"https:\/\/linitiative.ca\/International\/apres-un-mois-de-soins-en-allemagne-tebboune-de-retour-au-pays\/","title":{"rendered":"Apr\u00e8s un mois de soins en Allemagne : Tebboune de retour au pays"},"content":{"rendered":"<h4 class=\"title-14\"\/>\n<div class=\"featured_image\"><img loading=\"lazy\" decoding=\"async\" width=\"850\" height=\"410\" src=\"https:\/\/www.elwatan.com\/wp-content\/uploads\/2021\/02\/UNEEEEEEEE-1.gif\" class=\"attachment-post-thumbnail size-post-thumbnail wp-post-image\" alt=\"\"\/> <span class=\"featured-image-caption\">Photo : D. R.<\/span><\/div>\n<p class=\"p1\"><span class=\"s3\"><strong>Tebboune s\u2019<\/strong><\/span><span class=\"s4\"><strong>\u00e9tait d\u00e9plac\u00e9, dans ce pays, pour la deuxi\u00e8me fois, apr\u00e8s y avoir s\u00e9journ\u00e9 une premi\u00e8re fois pendant deux mois, le 10 janvier dernier, <em>\u00abpour des soins compl\u00e9mentaires suite \u00e0 des complications au pied apr\u00e8s sa contamination au coronavirus\u00bb<\/em>.<\/strong><\/span><\/p>\n<p class=\"p1\"><span class=\"s4\"><strong>L<\/strong><\/span><span class=\"s4\">e pr\u00e9sident de la R\u00e9publique, Abdelmadjid Tebboune, est rentr\u00e9 hier d\u2019Allemagne, apr\u00e8s un s\u00e9jour de 33 jours, durant lequel il a subi une intervention chirurgicale <em>\u00abr\u00e9ussie\u00bb<\/em> au pied suite \u00e0 une complication due \u00e0 la Covid-19.<\/span><\/p>\n<p class=\"p1\"><span class=\"s4\">Selon l\u2019agence officielle APS, celui-ci a \u00e9t\u00e9 accueilli, \u00e0 son arriv\u00e9e \u00e0 l\u2019a\u00e9roport militaire de Boufarik, par les pr\u00e9sidents du Conseil de la nation par int\u00e9rim, Salah Goudjil, de l\u2019Assembl\u00e9e populaire nationale (APN), Slimane Chenine, et du Conseil constitutionnel, Kamel Fenniche, le Premier ministre, Abdelaziz Djerad, le chef d\u2019\u00e9tat-major de l\u2019Arm\u00e9e nationale populaire (ANP), le g\u00e9n\u00e9ral de corps d\u2019arm\u00e9e, Sa\u00efd Chengriha, et le directeur de cabinet \u00e0 la pr\u00e9sidence de la R\u00e9publique, Noureddine Baghdad Daidj.<\/span><\/p>\n<p class=\"p1\"><span class=\"s4\">Tebboune s\u2019\u00e9tait d\u00e9plac\u00e9, dans ce pays, pour la deuxi\u00e8me fois, apr\u00e8s y avoir s\u00e9journ\u00e9 une premi\u00e8re fois pendant deux mois, le 10 janvier dernier <em>\u00abpour des soins compl\u00e9mentaires suite \u00e0 des complications au pied apr\u00e8s sa contamination au coronavirus\u00bb<\/em>, comme l\u2019avait indiqu\u00e9 la pr\u00e9sidence de la R\u00e9publique dans un communiqu\u00e9.<\/span><\/p>\n<p class=\"p1\"><span class=\"s4\">Comme le premier, ce deuxi\u00e8me s\u00e9jour allemand du chef de l\u2019Etat avait \u00e9t\u00e9 largement comment\u00e9 par les Alg\u00e9riens, m\u00eame si cette fois-ci il n\u2019y a pas eu de rumeurs relatives \u00e0 l\u2019\u00e9ventualit\u00e9 de la d\u00e9gradation de son \u00e9tat de sant\u00e9.<\/span><\/p>\n<p class=\"p1\"><span class=\"s4\"><em>\u00abLe traitement de ces complications, qui ne pr\u00e9sentent pas un caract\u00e8re urgent, \u00e9tait d\u00e9j\u00e0 programm\u00e9 avant le retour d\u2019Allemagne du pr\u00e9sident Tebboune, le 29 d\u00e9cembre dernier. Toutefois, ses engagements n\u2019avaient pas permis, entre-temps, un tel d\u00e9placement\u00bb<\/em>, avait ajout\u00e9 la Pr\u00e9sidence le jour de son retour en Allemagne. Tebboune a, de son c\u00f4t\u00e9, r\u00e9affirm\u00e9 que ce s\u00e9jour <em>\u00ab\u00e9tait programm\u00e9 afin de poursuivre le protocole th\u00e9rapeutique, d\u00e9cid\u00e9 par les professeurs, et dont il ne reste pas beaucoup, mais qui est n\u00e9cessaire<\/em>\u00bb.<\/span><\/p>\n<p class=\"p1\"><span class=\"s4\">Il a pr\u00e9cis\u00e9 qu\u2019<em>\u00abune petite intervention chirurgicale au niveau du pied n\u2019est pas \u00e0 \u00e9carter\u00bb<\/em>. Dix jours plus tard, soit le 20 janvier, la pr\u00e9sidence de la R\u00e9publique avait indiqu\u00e9, dans un second communiqu\u00e9 relatif \u00e0 ce deuxi\u00e8me s\u00e9jour, que Abdelmadjid Tebboune avait <em>\u00absubi ce jour une intervention chirurgicale r\u00e9ussie au pied droit et devrait regagner le pays dans les prochains jours\u00bb<\/em>.<\/span><\/p>\n<p class=\"p1\"><span class=\"s4\">Finalement, le chef de l\u2019Etat a regagn\u00e9 le pays 23 jours apr\u00e8s avoir subi cette intervention. D\u2019ailleurs, l\u2019information relative \u00e0 son retour au pays a commenc\u00e9 \u00e0 circuler jeudi dans la soir\u00e9e, notamment apr\u00e8s avoir pris connaissance de la d\u00e9claration faite par Tebboune \u00e0 son homologue allemand Frank-Walter Steinmeier, avec qui il a eu le jour-m\u00eame un entretien t\u00e9l\u00e9phonique, dans lequel il a tenu \u00e0 lui exprimer <em>\u00abses remerciements pour la prise en charge m\u00e9dicale dont il a b\u00e9n\u00e9fici\u00e9 depuis son arriv\u00e9e en Allemagne\u00bb<\/em>.<\/span><\/p>\n<p class=\"p1\"><span class=\"s4\">Il faut rappeler que les ennuis de sant\u00e9 du Pr\u00e9sident ont commenc\u00e9 au mois d\u2019octobre dernier. Un premier s\u00e9jour marqu\u00e9 par la propagation de plusieurs rumeurs \u00e9voquant une <em>\u00ab\u00e9ventuelle d\u00e9gradation\u00bb<\/em> de son \u00e9tat de sant\u00e9. Beaucoup de reproches ont \u00e9t\u00e9 faits \u00e0 ses services quant \u00e0 la communication ayant \u00e9maill\u00e9 son hospitalisation, la nature de sa maladie (contamination \u00e0 la Covid-19) n\u2019ayant \u00e9t\u00e9 officiellement r\u00e9v\u00e9l\u00e9e qu\u2019une semaine apr\u00e8s son admission dans un h\u00f4pital allemand, par exemple.<\/span><\/p>\n<p class=\"p1\"><span class=\"s4\">A cet effet, c\u2019est le 24 octobre que Tebboune lui-m\u00eame avait indiqu\u00e9, dans un tweet, que <em>\u00abconform\u00e9ment aux recommandations du staff m\u00e9dical\u00bb<\/em>, il devait observer un <em>\u00abconfinement volontaire\u00bb<\/em> de cinq jours, et ce, <em>\u00absuite \u00e0 la contamination au nouveau coronavirus de cadres sup\u00e9rieurs de la pr\u00e9sidence de la R\u00e9publique et du gouvernement\u00bb<\/em>.<\/span><\/p>\n<p class=\"p1\"><span class=\"s4\">N\u00e9anmoins, trois jours plus tard, soit le 27 octobre, la Pr\u00e9sidence annonce que le chef de l\u2019Etat a \u00e9t\u00e9 hospitalis\u00e9 \u00e0 l\u2019h\u00f4pital militaire de A\u00efn Na\u00e2dja, avant de l\u2019\u00e9vacuer d\u00e8s le lendemain (28 octobre) en Allemagne, pour <em>\u00abdes examens approfondis\u00bb<\/em>. Jusque-l\u00e0, aucune information relative \u00e0 la nature de sa maladie n\u2019a \u00e9t\u00e9 donn\u00e9e. Il a fallu attendre jusqu\u2019au 3 novembre pour qu\u2019une contamination \u00e0 la Covid-19 soit \u00e9voqu\u00e9e.<\/span><\/p>\n<p class=\"p1\"><span class=\"s4\">Le 30 novembre, 34 jours donc apr\u00e8s son hospitalisation \u00e0 A\u00efn Na\u00e2dja, la Pr\u00e9sidence indique que Tebboune a quitt\u00e9 l\u2019h\u00f4pital sp\u00e9cialis\u00e9 en Allemagne pour rejoindre un autre lieu o\u00f9 il devait observer sa convalescence, annon\u00e7ant pour l\u2019occasion <em>\u00abqu\u2019il regagnera le pays dans les tout prochains jours\u00bb<\/em>. Entre-temps, les rumeurs se sont amplifi\u00e9es et certains politiques ont m\u00eame commenc\u00e9 \u00e0 \u00e9voquer l\u2019article 102 de la Constitution (ancienne Constitution).<\/span><\/p>\n<p class=\"p1\"><span class=\"s4\">C\u2019est probablement pour faire taire ces rumeurs que le Pr\u00e9sident a mis en ligne, le 13 d\u00e9cembre, sur sa page Twitter, une vid\u00e9o dans laquelle il s\u2019est exprim\u00e9 sur sa sant\u00e9 et d\u2019autres questions. C\u2019est le 29 d\u00e9cembre finalement que Abdelmadjid Tebboune est rentr\u00e9 au pays, deux jours avant la fin de l\u2019ann\u00e9e, alors que l\u2019attendait essentiellement la signature de la loi de finances 2021 et la nouvelle Constitution.<\/span><\/p>\n<p class=\"p4\"><span class=\"s4\">En tout, le s\u00e9jour m\u00e9dical allemand du chef de l\u2019Etat aura dur\u00e9 un peu plus de trois mois.<\/span><\/p>\n<p><span class=\"post-views-label\">Post Views:<\/span> <span class=\"post-views-count\">723<\/span><\/p>\n<p><br class=\"c2\"\/><\/p>\n<div class=\"ichhar-moneytagnative c5\" id=\"ichhar-1538478453\">\n<p>Advertisements<\/p>\n<\/div>\n<p><br class=\"c2\"\/><br \/>\n<br class=\"c6\"\/><br \/>\nAuteur: Anis Khecheba<br \/>\n<a href=\"https:\/\/www.elwatan.com\/edition\/actualite\/tebboune-de-retour-au-pays-12-02-2021\">Cliquez ici pour lire l&rsquo;article depuis sa source.<\/a><\/p>\n","protected":false},"excerpt":{"rendered":"<p>Photo : D. R. Tebboune s\u2019\u00e9tait d\u00e9plac\u00e9, dans ce pays, pour la deuxi\u00e8me fois, apr\u00e8s y avoir s\u00e9journ\u00e9 une premi\u00e8re fois pendant deux mois, le 10 janvier dernier, \u00abpour des soins compl\u00e9mentaires suite \u00e0 des complications au pied apr\u00e8s sa contamination au coronavirus\u00bb. Le pr\u00e9sident de la R\u00e9publique, Abdelmadjid Tebboune, est rentr\u00e9 hier d\u2019Allemagne, apr\u00e8s [&hellip;]<\/p>\n","protected":false},"author":1743,"featured_media":0,"comment_status":"closed","ping_status":"closed","sticky":false,"template":"","format":"standard","meta":{"fifu_image_url":"https:\/\/www.elwatan.com\/wp-content\/uploads\/2021\/02\/UNEEEEEEEE-1.gif","fifu_image_alt":"Apr\u00e8s un mois de soins en Allemagne : Tebboune de retour au pays","footnotes":""},"categories":[73,53],"tags":[],"class_list":["post-111139","post","type-post","status-publish","format-standard","hentry","category-actualite","category-algerie"],"_links":{"self":[{"href":"https:\/\/linitiative.ca\/International\/wp-json\/wp\/v2\/posts\/111139","targetHints":{"allow":["GET"]}}],"collection":[{"href":"https:\/\/linitiative.ca\/International\/wp-json\/wp\/v2\/posts"}],"about":[{"href":"https:\/\/linitiative.ca\/International\/wp-json\/wp\/v2\/types\/post"}],"author":[{"embeddable":true,"href":"https:\/\/linitiative.ca\/International\/wp-json\/wp\/v2\/users\/1743"}],"replies":[{"embeddable":true,"href":"https:\/\/linitiative.ca\/International\/wp-json\/wp\/v2\/comments?post=111139"}],"version-history":[{"count":0,"href":"https:\/\/linitiative.ca\/International\/wp-json\/wp\/v2\/posts\/111139\/revisions"}],"wp:attachment":[{"href":"https:\/\/linitiative.ca\/International\/wp-json\/wp\/v2\/media?parent=111139"}],"wp:term":[{"taxonomy":"category","embeddable":true,"href":"https:\/\/linitiative.ca\/International\/wp-json\/wp\/v2\/categories?post=111139"},{"taxonomy":"post_tag","embeddable":true,"href":"https:\/\/linitiative.ca\/International\/wp-json\/wp\/v2\/tags?post=111139"}],"curies":[{"name":"wp","href":"https:\/\/api.w.org\/{rel}","templated":true}]}}