{"id":111140,"date":"2021-02-12T03:39:00","date_gmt":"2021-02-12T08:39:00","guid":{"rendered":"https:\/\/linitiative.ca\/International\/chedly-ayari-et-le-reve-dun-amphitheatre\/"},"modified":"2021-02-12T03:39:00","modified_gmt":"2021-02-12T08:39:00","slug":"chedly-ayari-et-le-reve-dun-amphitheatre","status":"publish","type":"post","link":"https:\/\/linitiative.ca\/International\/chedly-ayari-et-le-reve-dun-amphitheatre\/","title":{"rendered":"Chedly Ayari et le r\u00eave d\u2019un amphith\u00e9\u00e2tre"},"content":{"rendered":"<p><span class=\"c2\"><strong>Par H\u00e9dia Abdelk\u00e9fi &#8211; <em>Professeur \u00e9m\u00e9rite \u2013 Universit\u00e9 de Tunis El Manar<\/em> &#8211;<\/strong><\/span> C\u2019est le mercredi 27 octobre 1999. La conf\u00e9rence est pr\u00e9vue pour 15h. L\u2019affluence est particuli\u00e8rement forte en ce d\u00e9but de nouvelle ann\u00e9e universitaire. L\u2019amphith\u00e9\u00e2tre tout pimpant de l\u2019Ecole sup\u00e9rieur de commerce qui venait d\u2019\u00eatre cr\u00e9\u00e9e \u00e0 l\u2019Universit\u00e9 de Sfax est plein \u00e0 craquer. Pourquoice jour-l\u00e0 pr\u00e9cis\u00e9ment,l\u2019espace de l\u2019ESC est-ilparticuli\u00e8rement envahi par un public nombreux et h\u00e9t\u00e9rog\u00e8ne ?<\/p>\n<p>Il faut reconna\u00eetre que le sujet est des plus attrayants : \u00ab Le savoir et le d\u00e9veloppement \u00bb m\u00eame si jusque-l\u00e0, je ne connaissais Chedly Ayari que de nom. J\u2019ignorais tout deses diff\u00e9rentes fonctions universitaires, minist\u00e9rielles, bancaires internationales, diplomatiques\u2026Le choix du moment est-il propice ? Certes la rentr\u00e9e universitaire n\u2019a pas d\u00e9marr\u00e9 comme de coutume sur les chapeaux de roues : un climat de tension r\u00e8gnedans tout le pays \u00e0 cause de l\u2019approche de la date fatidique du 24 novembre, date \u00e0 laquelle vont se d\u00e9rouler les premi\u00e8res pr\u00e9sidentielles pluralistes de l\u2019histoire de la Tunisie.<\/p>\n<p>Mais la mobilisation massive des \u00e9lecteurs fait que partout on esttout yeux, toutes oreilles pour toutes sortes de discours, intellectuels notamment, \u00e9manant de surcro\u00eet de personnalit\u00e9s proches de la sph\u00e8re du pouvoir. Une chose est s\u00fbre, c\u2019est que ce mercredi d\u2019octobre, je ne me pose pas la question de savoir si l\u2019intervention de M. Chedli Ayari a un rapport quelconque avec la conjoncture. Je me contente donc d\u2019\u00e9couter, en jetant de temps en temps un regard autour de moi. L\u2019assistance est m\u00e9dus\u00e9e.<\/p>\n<p>\u00ab Le savoir et le d\u00e9veloppement \u00bb, sujet bien largeen effet, si bien que le conf\u00e9rencier entame d\u2019embl\u00e9e son propos par \u00ab la r\u00e9volution de l\u2019information et son impact sur le d\u00e9veloppement \u00bb,pr\u00e9cisant qu\u2019il s\u2019agit de nouveau savoir et de d\u00e9veloppement moderne. Il rel\u00e8ve \u00ab le pessimisme et l\u2019h\u00e9sitation dans les approches futuristes \u00bb et fait remarquer que sur \u00ab le savoir et le d\u00e9veloppement, les \u00e9tudes sont rares \u00bb. De nombreuses r\u00e9f\u00e9rences sont faites \u00e0 \u00ab la banque mondiale en 1998 \u00bb, au \u00ab rapport de l\u2019OCDE en octobre 1999 \u00bb, \u00e0 \u00ab la soci\u00e9t\u00e9 informationnelle nouvelle \u00bb, \u00e0 \u00ab la connaissance qui est incorpor\u00e9e \u00e0 l\u2019appareil \u00bb, \u00e0 \u00ab l\u2019Homme de Cro-Magnon qui a invent\u00e9 un appareil pour vivre et se d\u00e9fendre \u00bb&#8230; Je connais les expressions Homo sapiens et Homme moderne, mais Homme de Cro-Magnon ? Non, m\u00eame si le souvenir des paroles de cette vieille chanson des Quatre Barbus fredonn\u00e9e de temps en temps par un vieux ma\u00eetre d\u2019\u00e9cole me reviennent lentement \u00e0 la m\u00e9moire :<\/p>\n<p><em>C&rsquo;\u00e9tait au temps d&rsquo;la pr\u00e9histoire<br \/>Il y a deux ou trois cent mille ans<br \/>Vint au monde un \u00eatre bizarre<br \/>Proche parent d&rsquo;l&rsquo;orang outang<br \/>Debout sur ses pattes de derri\u00e8re<br \/>V\u00eatu d&rsquo;un slip en peau d&rsquo;bison<br \/>Il allait conqu\u00e9rir la Terre<br \/>C&rsquo;\u00e9tait L&rsquo;homme de cro magnon<br \/>L&rsquo;Homme de cro<br \/>L&rsquo;Homme de ma<br \/>L&rsquo;Homme de gnon<br \/>L&rsquo;Homme de CroMagnon, poum !<br \/>L&rsquo;Homme de cro de magnon<br \/>Ce n&rsquo;est pas du bidon<br \/>L&rsquo;homme de cro magnon<br \/>\u2026<\/em><\/p>\n<p>Soudain, le conf\u00e9rencier sexag\u00e9naire me ram\u00e8ne \u00e0 la r\u00e9alit\u00e9 en tonnant dans la salle muette : \u00ab Le savoir est un bien collectif gr\u00e2ce aux nouvelles techniques de l\u2019information et de la communication&#8230; Le monopole du savoir est d\u00e9tenu par le Japon, les USA et l\u2019Europe\u2026Le concept de transfert de connaissances a engendr\u00e9 lamentalit\u00e9 de l\u2019assistance du savoir&#8230;L\u2019illettrisme technologique est grave\u2026 \u00bb.<\/p>\n<p>Comme pour anticiper toute \u00e9ventuelle question sur la dynamique du savoir et ses principaux acteurs, il explique comment \u00ab l\u2019investissement dans les ressources humaines \u00bb, \u00ab la promotion du savoir local \u00bb et \u00ab la gouvernance de la cha\u00eene du savoir \u00bb peuvent impulser une dynamique d\u2019innovation.\u00a0 Le r\u00f4le de l\u2019Etat est important, pr\u00e9cise-t-il.<\/p>\n<p>Chedly Ayari s\u2019emballe. Progressivement, je d\u00e9couvre que son discours n\u2019est pas seulement celui d\u2019un \u00e9conomiste doubl\u00e9 d\u2019homme politique, mais bien celui d\u2019un enseignant universitaire habit\u00e9 parle processus de d\u00e9veloppement humain.\u00a0 Aussi pour capter l\u2019attention de son public venant d\u2019horizons diversanalyse-t-ill\u2019impact del\u2019investissement sur les ressources humaines dans la promotion de l\u2019industrie de l\u2019information. D\u2019abord, la croissance est endog\u00e8ne ; l\u2019homme est le fondateur du d\u00e9veloppement. L\u2019avenir est dans l\u2019investissement dans le domaine de l\u2019\u00e9ducation et de la formation. Pour trouver leur place dans la cha\u00eene du savoir, les politiques nationales \u00e9ducatives doivent accorder une grande importance \u00e0 la formation. \u00ab La mati\u00e8re grise ! \u00bb. Le dipl\u00f4me devient une ressource humaine quand il est actif. \u00ab Ne nous voilons pas la face, clame-t-il, le march\u00e9 de l\u2019emploi n\u2019a pas une grande capacit\u00e9 d\u2019accueil. L\u2019\u00e9migration des cerveaux est inqui\u00e9tante \u00bb.<br \/>Que faire ? L\u2019universit\u00e9 doit jouer son r\u00f4le de pilier identitaire, affirme-t-il avec v\u00e9h\u00e9mence. La privatisation des universit\u00e9s est n\u00e9cessaire pour la reconfiguration et ladiversification du paysage universitaire tunisien. L\u2019Etat doit \u00eatre impliqu\u00e9 dans la r\u00e9volution du savoir au niveau de la production et au niveau de la diffusion. Il faut ouvrir un march\u00e9 du savoir, cr\u00e9er une concurrence, faire entrer le priv\u00e9 dans la cha\u00eene du savoir. Le savoir,ce bien collectif, le priv\u00e9 doit l\u2019investir et en tirer un gros profit.<\/p>\n<p>Devinant l\u2019effet de son allocution magistrale sur son public, Chedly Ayari enfonce le clou. Se sentant seul ma\u00eetre \u00e0 bord, il exulte : \u00ab Comment se pr\u00e9parer au troisi\u00e8me mill\u00e9naire dans la dynamique du d\u00e9veloppement des connaissances ?Faisons le Maghreb ! \u00bb.<\/p>\n<p>Tonnerre d\u2019applaudissements qui fait vibrer le sol et les murs de l\u2019\u00e9difice.<\/p>\n<p><em>Il allait conqu\u00e9rir la Terre.<br \/>C&rsquo;\u00e9tait L&rsquo;homme de cro magnon&#8230;<\/em><\/p>\n<p class=\"c3\"><strong>H\u00e9dia Abdelk\u00e9fi<\/strong><br \/><em>Professeur \u00e9m\u00e9rite \u2013 Universit\u00e9 de Tunis El Manar<\/em><\/p>\n<p class=\"c4\"><strong>Lire aussi<\/strong><\/p>\n<p class=\"c4\"><a href=\"https:\/\/www.leaders.com.tn\/article\/31407-hakim-ben-hammouda-chedly-ayari-le-grand-economiste-qui-nous-manquera\" target=\"_blank\" rel=\"noopener\">Hakim Ben Hammouda : Chedly Ayari, le grand \u00e9conomiste qui nous manquera<\/a><\/p>\n<p class=\"c4\"><a href=\"https:\/\/www.leaders.com.tn\/article\/31339-le-doyen-chedly-ayari-ancien-ministre-et-gouverneur-de-la-banque-centrale-de-tunisie-est-decede\" target=\"_blank\" rel=\"noopener\">Officiel: Le doyen Chedly Ayari, ancien ministre et gouverneur de la Banque centrale de Tunisie est d\u00e9c\u00e9d\u00e9<\/a><\/p>\n<p class=\"c4\"><a href=\"https:\/\/www.leaders.com.tn\/article\/31361-kamel-ayadi-un-petit-mot-d-adieu-au-defunt-de-la-nation-si-chedly-ayari-tel-que-je-l-ai-connu\" target=\"_blank\" rel=\"noopener\">Kamel Ayadi : Un petit mot d\u2019adieu au d\u00e9funt de la Nation Si Chedly Ayari tel que je l\u2019ai connu<\/a><\/p>\n<p><a href=\"https:\/\/www.leaders.com.tn\/article\/19316-chedly-ayari\" target=\"_blank\" rel=\"noopener\">Chedly Ayari : Pourquoi de nouveaux statuts de la Banque centrale et une nouvelle loi bancaire sont indispensables (Vid\u00e9o)<\/a><\/p>\n<p>Auteur:<br \/>\n<a href=\"https:\/\/www.leaders.com.tn\/article\/31423-chedly-ayari-et-le-reve-d-un-amphitheatre\">Cliquez ici pour lire l&rsquo;article depuis sa source.<\/a><\/p>\n","protected":false},"excerpt":{"rendered":"<p>Par H\u00e9dia Abdelk\u00e9fi &#8211; Professeur \u00e9m\u00e9rite \u2013 Universit\u00e9 de Tunis El Manar &#8211; C\u2019est le mercredi 27 octobre 1999. La conf\u00e9rence est pr\u00e9vue pour 15h. L\u2019affluence est particuli\u00e8rement forte en ce d\u00e9but de nouvelle ann\u00e9e universitaire. L\u2019amphith\u00e9\u00e2tre tout pimpant de l\u2019Ecole sup\u00e9rieur de commerce qui venait d\u2019\u00eatre cr\u00e9\u00e9e \u00e0 l\u2019Universit\u00e9 de Sfax est plein \u00e0 [&hellip;]<\/p>\n","protected":false},"author":1772,"featured_media":0,"comment_status":"closed","ping_status":"closed","sticky":false,"template":"","format":"standard","meta":{"fifu_image_url":"","fifu_image_alt":"","footnotes":""},"categories":[73,55],"tags":[],"class_list":["post-111140","post","type-post","status-publish","format-standard","hentry","category-actualite","category-tunisie"],"_links":{"self":[{"href":"https:\/\/linitiative.ca\/International\/wp-json\/wp\/v2\/posts\/111140","targetHints":{"allow":["GET"]}}],"collection":[{"href":"https:\/\/linitiative.ca\/International\/wp-json\/wp\/v2\/posts"}],"about":[{"href":"https:\/\/linitiative.ca\/International\/wp-json\/wp\/v2\/types\/post"}],"author":[{"embeddable":true,"href":"https:\/\/linitiative.ca\/International\/wp-json\/wp\/v2\/users\/1772"}],"replies":[{"embeddable":true,"href":"https:\/\/linitiative.ca\/International\/wp-json\/wp\/v2\/comments?post=111140"}],"version-history":[{"count":0,"href":"https:\/\/linitiative.ca\/International\/wp-json\/wp\/v2\/posts\/111140\/revisions"}],"wp:attachment":[{"href":"https:\/\/linitiative.ca\/International\/wp-json\/wp\/v2\/media?parent=111140"}],"wp:term":[{"taxonomy":"category","embeddable":true,"href":"https:\/\/linitiative.ca\/International\/wp-json\/wp\/v2\/categories?post=111140"},{"taxonomy":"post_tag","embeddable":true,"href":"https:\/\/linitiative.ca\/International\/wp-json\/wp\/v2\/tags?post=111140"}],"curies":[{"name":"wp","href":"https:\/\/api.w.org\/{rel}","templated":true}]}}