{"id":111144,"date":"2021-02-12T10:30:00","date_gmt":"2021-02-12T15:30:00","guid":{"rendered":"https:\/\/linitiative.ca\/International\/vrai-ou-fake-sur-la-covid-19-au-maroc-vendredi-12-fevrier\/"},"modified":"2021-02-12T10:30:00","modified_gmt":"2021-02-12T15:30:00","slug":"vrai-ou-fake-sur-la-covid-19-au-maroc-vendredi-12-fevrier","status":"publish","type":"post","link":"https:\/\/linitiative.ca\/International\/vrai-ou-fake-sur-la-covid-19-au-maroc-vendredi-12-fevrier\/","title":{"rendered":"Vrai ou Fake sur la Covid-19 au Maroc, vendredi 12 f\u00e9vrier"},"content":{"rendered":"<p><strong>Le coronavirus, qui a contamin\u00e9 plus de 107 millions de personnes dans le monde, est \u00e0 l\u2019origine d\u2019un flot de Fake news relay\u00e9es par des sites d\u2019information et sur les r\u00e9seaux sociaux.<\/strong><\/p>\n<div class=\"c10\">\n<\/div>\n<p>\u2013 La m\u00e9t\u00e9o joue un r\u00f4le dans la transmission du coronavirus. <strong>VRAI<\/strong> Quand il fait tr\u00e8s froid -ou tr\u00e8s chaud-, les gouttelettes \u00e9mises par les personnes atteintes restent moins longtemps dans l\u2019air qu\u2019en cas de temp\u00e9ratures interm\u00e9diaires et d\u2019humidit\u00e9 dans l\u2019air.<\/p>\n<p>\u00a0\u2013 L\u2019efficacit\u00e9 du vaccin AstraZeneca\/Oxford ne serait que de 8% chez les adultes de plus de 65 ans.\u00a0<strong>FAKE<\/strong><\/p>\n<p>\u2013 La campagne nationale de vaccination sera \u00e9largie \u00e0 la tranche d\u2019\u00e2ge de 65 ans et plus au Maroc. <strong>VRAI<\/strong><\/p>\n<p><strong>Lire aussi|\u00a0<a href=\"https:\/\/www.challenge.ma\/marche-des-capitaux-ifc-et-lammc-sallient-pour-promouvoir-la-finance-durable-175079\/\">March\u00e9 des capitaux : IFC et l\u2019AMMC s\u2019allient pour promouvoir la finance durable<\/a><\/strong><\/p>\n<p>\u2013 Le Maroc est le pays le plus touch\u00e9 par la Covid en Afrique.\u00a0<strong>FAKE<\/strong><\/p>\n<p>\u2013 La pand\u00e9mie de coronavirus a fait au moins 2.370.607 morts dans le monde depuis\u00a0son apparition.\u00a0<strong>VRAI<\/strong><\/p>\n<p>\u2013 Les r\u00e9sultats des tests Covid-19 au Maroc ont \u00e9t\u00e9 manipul\u00e9s.\u00a0<strong>FAKE<\/strong><\/p>\n<p><strong>Lire aussi|<\/strong><a href=\"https:\/\/www.challenge.ma\/des-idees-pour-changer-la-realite-175132\/\"><strong>Des id\u00e9es pour changer la r\u00e9alit\u00e9<\/strong><\/a><\/p>\n<p>Auteur: Hajar DARI<br \/>\n<a href=\"https:\/\/www.challenge.ma\/vrai-ou-fake-sur-la-covid-19-au-maroc-vendredi-12-fevrier-175138\/\">Cliquez ici pour lire l&rsquo;article depuis sa source.<\/a><\/p>\n","protected":false},"excerpt":{"rendered":"<p>Le coronavirus, qui a contamin\u00e9 plus de 107 millions de personnes dans le monde, est \u00e0 l\u2019origine d\u2019un flot de Fake news relay\u00e9es par des sites d\u2019information et sur les r\u00e9seaux sociaux. \u2013 La m\u00e9t\u00e9o joue un r\u00f4le dans la transmission du coronavirus. VRAI Quand il fait tr\u00e8s froid -ou tr\u00e8s chaud-, les gouttelettes \u00e9mises [&hellip;]<\/p>\n","protected":false},"author":1787,"featured_media":0,"comment_status":"closed","ping_status":"closed","sticky":false,"template":"","format":"standard","meta":{"fifu_image_url":"","fifu_image_alt":"","footnotes":""},"categories":[78,54],"tags":[],"class_list":["post-111144","post","type-post","status-publish","format-standard","hentry","category-economie","category-maroc"],"_links":{"self":[{"href":"https:\/\/linitiative.ca\/International\/wp-json\/wp\/v2\/posts\/111144","targetHints":{"allow":["GET"]}}],"collection":[{"href":"https:\/\/linitiative.ca\/International\/wp-json\/wp\/v2\/posts"}],"about":[{"href":"https:\/\/linitiative.ca\/International\/wp-json\/wp\/v2\/types\/post"}],"author":[{"embeddable":true,"href":"https:\/\/linitiative.ca\/International\/wp-json\/wp\/v2\/users\/1787"}],"replies":[{"embeddable":true,"href":"https:\/\/linitiative.ca\/International\/wp-json\/wp\/v2\/comments?post=111144"}],"version-history":[{"count":0,"href":"https:\/\/linitiative.ca\/International\/wp-json\/wp\/v2\/posts\/111144\/revisions"}],"wp:attachment":[{"href":"https:\/\/linitiative.ca\/International\/wp-json\/wp\/v2\/media?parent=111144"}],"wp:term":[{"taxonomy":"category","embeddable":true,"href":"https:\/\/linitiative.ca\/International\/wp-json\/wp\/v2\/categories?post=111144"},{"taxonomy":"post_tag","embeddable":true,"href":"https:\/\/linitiative.ca\/International\/wp-json\/wp\/v2\/tags?post=111144"}],"curies":[{"name":"wp","href":"https:\/\/api.w.org\/{rel}","templated":true}]}}