{"id":111148,"date":"2021-02-12T15:20:00","date_gmt":"2021-02-12T20:20:00","guid":{"rendered":"https:\/\/linitiative.ca\/International\/moulay-hafid-elalamy-il-est-imperatif-de-developper-localement-lecosysteme-poids-lourd-et-carrosserie-industrielle\/"},"modified":"2021-02-12T15:20:00","modified_gmt":"2021-02-12T20:20:00","slug":"moulay-hafid-elalamy-il-est-imperatif-de-developper-localement-lecosysteme-poids-lourd-et-carrosserie-industrielle","status":"publish","type":"post","link":"https:\/\/linitiative.ca\/International\/moulay-hafid-elalamy-il-est-imperatif-de-developper-localement-lecosysteme-poids-lourd-et-carrosserie-industrielle\/","title":{"rendered":"Moulay Hafid Elalamy : \u00ab Il est imp\u00e9ratif de d\u00e9velopper localement l\u2019\u00e9cosyst\u00e8me poids lourd et carrosserie industrielle \u00bb"},"content":{"rendered":"<p><strong>Moulay Hafid Elalamy se mobilise pour le \u00ab\u00a0Made in Morocco\u00a0\u00bb. Le ministre de l\u2019Industrie, du commerce et de l\u2019\u00e9conomie verte et num\u00e9rique appelle \u00e0 la promotion de la fabrication locale et du d\u00e9veloppement de l\u2019\u00e9cosyst\u00e8me poids lourd et carrosserie industrielle.<br \/><\/strong><br \/>\u00ab\u00a0Il est imp\u00e9ratif de promouvoir la fabrication locale et de d\u00e9velopper le plus t\u00f4t possible cet \u00e9cosyst\u00e8me et le rendre comp\u00e9titif dans le Royaume\u00a0\u00bb, a soulign\u00e9 Moulay Hafid Elalamy, lors d\u2019une rencontre le 12 f\u00e9vrier au si\u00e8ge de l\u2019unit\u00e9 industrielle Irizar Maroc, en charge de la production des bus devant desservir la ville de Casablanca. Apr\u00e8s avoir rappel\u00e9 que le taux d\u2019int\u00e9gration locale de la fabrication des bus Irizar a atteint, aujourd\u2019hui, 41%, le ministre a assur\u00e9 que les efforts se multiplient pour parvenir, \u00e0 terme, \u00e0 60%, notamment en accordant une place importante aux projets de fabrication de pi\u00e8ces \u00e0 destination de cet \u00e9cosyst\u00e8me dans la banque de projets, lanc\u00e9e en septembre 2020.<\/p>\n<div class=\"c10\">\n<\/div>\n<p><strong>Lire aussi| <a href=\"https:\/\/www.challenge.ma\/coronavirus-la-vaccination-elargie-aux-65-ans-et-plus-au-maroc-175094\/\">Coronavirus : la vaccination \u00e9largie aux 65 ans et plus au Maroc<\/a><\/strong><\/p>\n<p>\u00ab\u00a0La mont\u00e9e en gamme du produit marocain ne peut \u00eatre qu\u2019une fiert\u00e9. La commande publique joue un r\u00f4le incontournable dans le renforcement de la fabrication locale, cr\u00e9atrice d\u2019emplois et de valeur ajout\u00e9e, et qui permettra de positionner le Maroc sur ce segment industriel pointu. Nous disposons d\u2019un potentiel \u00e9conomique consid\u00e9rable et de comp\u00e9tences tr\u00e8s qualifi\u00e9es offrant \u00e0 cette fili\u00e8re des avantages pour en devenir une fili\u00e8re des plus comp\u00e9titives du secteur industriel\u00a0\u00bb, a-t-il soulign\u00e9. Notons qu\u2019Irizar mobilise plus de 15 fournisseurs locaux au sein de son \u00e9cosyst\u00e8me dans lequel elle assemble des autobus sur des ch\u00e2ssis de la marque SCANIA, d\u2019une longueur de 12 m\u00e8tres.<\/p>\n<p><strong>Lire aussi| <a href=\"https:\/\/www.challenge.ma\/coronavirus-la-meteo-joue-un-role-dans-la-transmission-175110\/\">Coronavirus : la m\u00e9t\u00e9o joue un r\u00f4le dans la transmission<\/a><\/strong><\/p>\n<p>Pour rappel, les 18 constructeurs majeurs mondiaux sont repr\u00e9sent\u00e9s au Maroc \u00e0 travers un \u00e9cosyst\u00e8me compos\u00e9 de 85 unit\u00e9s de carrossiers et d\u2019\u00e9quipementiers que le minist\u00e8re continue de soutenir par l\u2019accompagnement de tout projet permettant l\u2019am\u00e9lioration de l\u2019int\u00e9gration locale de la fili\u00e8re. Cet \u00e9cosyst\u00e8me repr\u00e9sente, actuellement, un chiffre d\u2019affaires de 11 milliards de DH\/an et emploie 8.000 collaborateurs.<\/p>\n<p>Auteur: challenge<br \/>\n<a href=\"https:\/\/www.challenge.ma\/moulay-hafid-elalamy-il-est-imperatif-de-developper-localement-lecosysteme-poids-lourd-et-carrosserie-industrielle-175195\/\">Cliquez ici pour lire l&rsquo;article depuis sa source.<\/a><\/p>\n","protected":false},"excerpt":{"rendered":"<p>Moulay Hafid Elalamy se mobilise pour le \u00ab\u00a0Made in Morocco\u00a0\u00bb. Le ministre de l\u2019Industrie, du commerce et de l\u2019\u00e9conomie verte et num\u00e9rique appelle \u00e0 la promotion de la fabrication locale et du d\u00e9veloppement de l\u2019\u00e9cosyst\u00e8me poids lourd et carrosserie industrielle.\u00ab\u00a0Il est imp\u00e9ratif de promouvoir la fabrication locale et de d\u00e9velopper le plus t\u00f4t possible cet [&hellip;]<\/p>\n","protected":false},"author":1787,"featured_media":0,"comment_status":"closed","ping_status":"closed","sticky":false,"template":"","format":"standard","meta":{"fifu_image_url":"","fifu_image_alt":"","footnotes":""},"categories":[78,54],"tags":[],"class_list":["post-111148","post","type-post","status-publish","format-standard","hentry","category-economie","category-maroc"],"_links":{"self":[{"href":"https:\/\/linitiative.ca\/International\/wp-json\/wp\/v2\/posts\/111148","targetHints":{"allow":["GET"]}}],"collection":[{"href":"https:\/\/linitiative.ca\/International\/wp-json\/wp\/v2\/posts"}],"about":[{"href":"https:\/\/linitiative.ca\/International\/wp-json\/wp\/v2\/types\/post"}],"author":[{"embeddable":true,"href":"https:\/\/linitiative.ca\/International\/wp-json\/wp\/v2\/users\/1787"}],"replies":[{"embeddable":true,"href":"https:\/\/linitiative.ca\/International\/wp-json\/wp\/v2\/comments?post=111148"}],"version-history":[{"count":0,"href":"https:\/\/linitiative.ca\/International\/wp-json\/wp\/v2\/posts\/111148\/revisions"}],"wp:attachment":[{"href":"https:\/\/linitiative.ca\/International\/wp-json\/wp\/v2\/media?parent=111148"}],"wp:term":[{"taxonomy":"category","embeddable":true,"href":"https:\/\/linitiative.ca\/International\/wp-json\/wp\/v2\/categories?post=111148"},{"taxonomy":"post_tag","embeddable":true,"href":"https:\/\/linitiative.ca\/International\/wp-json\/wp\/v2\/tags?post=111148"}],"curies":[{"name":"wp","href":"https:\/\/api.w.org\/{rel}","templated":true}]}}