{"id":111150,"date":"2021-02-12T15:32:54","date_gmt":"2021-02-12T20:32:54","guid":{"rendered":"https:\/\/linitiative.ca\/International\/tataouine-la-coordination-du-sit-in-del-kamour-donne-au-gouvernement-un-delai-de-3-jours-avant-la-fermeture-de-la-vanne\/"},"modified":"2021-02-12T15:32:54","modified_gmt":"2021-02-12T20:32:54","slug":"tataouine-la-coordination-du-sit-in-del-kamour-donne-au-gouvernement-un-delai-de-3-jours-avant-la-fermeture-de-la-vanne","status":"publish","type":"post","link":"https:\/\/linitiative.ca\/International\/tataouine-la-coordination-du-sit-in-del-kamour-donne-au-gouvernement-un-delai-de-3-jours-avant-la-fermeture-de-la-vanne\/","title":{"rendered":"Tataouine : La Coordination du sit-in d\u2019El Kamour donne au gouvernement un d\u00e9lai de 3 jours avant la fermeture de la vanne"},"content":{"rendered":"<div class=\"post-cont-in left relative\">\n<div id=\"post-info-wrap\" class=\"left relative post-info-out\">\n<div class=\"post-info-img left relative\"><img loading=\"lazy\" decoding=\"async\" alt=\"\" src=\"https:\/\/secure.gravatar.com\/avatar\/ea481d7287ad38ca1787f44b5bb1b70e?s=50&amp;d=mm&amp;r=g\" srcset=\"https:\/\/secure.gravatar.com\/avatar\/ea481d7287ad38ca1787f44b5bb1b70e?s=100&amp;d=mm&amp;r=g 2x\" class=\"avatar avatar-50 photo\" height=\"50\" width=\"50\"\/><\/div>\n<div class=\"post-info-in\">\n<div class=\"post-info-right left relative post-info-name left relative\"><span><span class=\"post-info-text\">Par<\/span> <span class=\"author-name vcard fn author\"><a href=\"https:\/\/www.tunisienumerique.com\/author\/rania-ben-slimane\/\" title=\"Articles par rania ben slimane\" rel=\"author\">rania ben slimane<\/a><\/span><\/span> <span class=\"post-date updated\"><time class=\"post-date updated\" datetime=\"2021-02-12\">\u00a0| Il y a 1 heure<\/time><\/span><br \/>\n<meta itemprop=\"dateModified\" content=\"2021-02-12\"\/><\/div>\n<div class=\"left relative\"><button id=\"listenButton1\" class=\"responsivevoice-button\" type=\"button\" value=\"Play\" title=\"\u00c9coutez l'article\"><span>\ud83d\udd0a \u00c9coutez l&rsquo;article<\/span><\/button>\n<\/div>\n<\/div>\n<\/div>\n<p>Dans un statut rendu public sur sa page le 12 f\u00e9vrier 2021, la Coordination d\u2019El Kamour a affirm\u00e9 qu\u2019elle a donn\u00e9 au gouvernement un d\u00e9lai 3 jours pour mettre imm\u00e9diatement en \u0153uvre tous les termes de l\u2019accord, sinon elle proc\u00e8dera \u00e0 la fermeture de la vanne.<\/p>\n<div class=\"code-block code-block-1 c4\">\n <ins class=\"adsbygoogle c3\" data-ad-layout=\"in-article\" data-ad-format=\"fluid\" data-ad-client=\"ca-pub-2102118777505746\" data-ad-slot=\"7301775417\"\/>\n<\/div>\n<p>Les membres de la coordination du sit-in d\u2019El Kamour ont annonc\u00e9 sur leur page Facebook officielle qu\u2019ils sont pr\u00eats \u00e0 revenir \u00e0 tout moment \u00e0 la station de pompage, mais la prochaine fois, ce sera \u00ab par milliers \u00ab .<\/p>\n<p>Le comit\u00e9 de la coordination a ajout\u00e9 qu\u2019apr\u00e8s sa r\u00e9union d\u2019aujourd\u2019hui avec tous les chefs de points, il a \u00e9t\u00e9 d\u00e9cid\u00e9 ce qui suit:<\/p>\n<ul>\n<li>Un d\u00e9lai de trois jours pour que le gouvernement mette\u00a0 en \u0153uvre de suite\u00a0 toutes les clauses de l\u2019accord, sinon il proc\u00e8dera \u00e0 la fermeture de la vanne \u00e0 titre officiel cette fois.<\/li>\n<li>Le retour du sit-in et la mise en place de tentes dans chaque point.<\/li>\n<\/ul>\n<p>Le comit\u00e9 de coordination s\u2019est adress\u00e9 aux 24.000 personnes ayant d\u00e9pos\u00e9 leurs demandes d\u2019emploi dans la soci\u00e9t\u00e9 de Jardinage, aux 8.000 ayant d\u00e9pos\u00e9 leurs demandes dans les entreprises, aux 2.000 ayant soumis leurs demandes de pr\u00eats et aux 150 mille habitants de la r\u00e9gion pour qu\u2019ils soient pr\u00eats pour le cas o\u00f9 le gouvernement d\u00e9cline ou bloque l\u2019application de l\u2019accord.<\/p>\n<p>Le comit\u00e9 a soulign\u00e9 dans sa publication qu\u2019il est tout \u00e0 fait \u00ab\u00a0en mesure de fermer la vanne de p\u00e9trole et le gouvernement le sait bien\u00a0\u00bb, selon le texte du message.<\/p>\n<div class=\"swp_social_panel swp_horizontal_panel swp_flat_fresh swp_default_full_color swp_individual_full_color swp_other_full_color scale-100 scale-\" data-min-width=\"1100\" data-float-color=\"#ffffff\" data-float=\"bottom\" data-float-mobile=\"bottom\" data-transition=\"slide\">\n<div class=\"nc_tweetContainer swp_share_button total_shares total_sharesalt\"><span class=\"swp_count\">25 <span class=\"swp_label\">Partages<\/span><\/span><\/div>\n<\/div>\n<p><strong>Que se passe-t-il en Tunisie?<\/strong><br \/>Nous expliquons sur notre <a href=\"https:\/\/www.youtube.com\/channel\/UCRzypVq0B_yBad5eGrwBx0Q?sub_confirmation=1\" target=\"_blank\" rel=\"noopener\">cha\u00eene YouTube<\/a> . <a href=\"https:\/\/www.youtube.com\/channel\/UCRzypVq0B_yBad5eGrwBx0Q?sub_confirmation=1\" target=\"_blank\" rel=\"noopener\">Abonnez-vous!<\/a><\/p>\n<div class=\"mvp-org-wrap\" itemprop=\"publisher\">\n<div class=\"mvp-org-logo\" itemprop=\"logo\"><img decoding=\"async\" src=\"https:\/\/www.tunisienumerique.com\/wp-content\/uploads\/2017\/02\/logo_tunisie_numerique.png\"\/><br \/>\n<meta itemprop=\"url\" content=\"https:\/\/www.tunisienumerique.com\/wp-content\/uploads\/2017\/02\/logo_tunisie_numerique.png\"\/><\/div>\n<p><meta content=\"Tunisie Num\u00e9rique\"\/><\/div>\n<div class=\"mvp-related-posts left relative\">\n<h4 class=\"post-header\"><span class=\"post-header\">Lire aussi<\/span><\/h4>\n<\/div>\n<div id=\"article-ad\">\n <ins class=\"adsbygoogle c5\" data-ad-client=\"ca-pub-2102118777505746\" data-ad-slot=\"6513972734\" data-ad-format=\"auto\" data-full-width-responsive=\"true\"\/>\n<\/div>\n<\/div>\n<div id=\"post-sidebar-wrap\">\n <ins class=\"adsbygoogle c5\" data-ad-client=\"ca-pub-2102118777505746\" data-ad-slot=\"6168283410\" data-ad-format=\"auto\" data-full-width-responsive=\"true\"\/>\n<\/div>\n<p>Auteur: rania ben slimane<br \/>\n<a href=\"https:\/\/www.tunisienumerique.com\/tataouine-la-coordination-du-sit-in-del-kamour-donne-au-gouvernement-un-delai-de-3-jours-avant-la-fermeture-de-la-vanne\/\">Cliquez ici pour lire l&rsquo;article depuis sa source.<\/a><\/p>\n","protected":false},"excerpt":{"rendered":"<p>Par rania ben slimane \u00a0| Il y a 1 heure \ud83d\udd0a \u00c9coutez l&rsquo;article Dans un statut rendu public sur sa page le 12 f\u00e9vrier 2021, la Coordination d\u2019El Kamour a affirm\u00e9 qu\u2019elle a donn\u00e9 au gouvernement un d\u00e9lai 3 jours pour mettre imm\u00e9diatement en \u0153uvre tous les termes de l\u2019accord, sinon elle proc\u00e8dera \u00e0 la [&hellip;]<\/p>\n","protected":false},"author":1789,"featured_media":0,"comment_status":"closed","ping_status":"closed","sticky":false,"template":"","format":"standard","meta":{"fifu_image_url":"https:\/\/secure.gravatar.com\/avatar\/ea481d7287ad38ca1787f44b5bb1b70e?s=50&d=mm&r=g","fifu_image_alt":"Tataouine : La Coordination du sit-in d\u2019El Kamour donne au gouvernement un d\u00e9lai de 3 jours avant la fermeture de la vanne","footnotes":""},"categories":[73,55],"tags":[],"class_list":["post-111150","post","type-post","status-publish","format-standard","hentry","category-actualite","category-tunisie"],"_links":{"self":[{"href":"https:\/\/linitiative.ca\/International\/wp-json\/wp\/v2\/posts\/111150","targetHints":{"allow":["GET"]}}],"collection":[{"href":"https:\/\/linitiative.ca\/International\/wp-json\/wp\/v2\/posts"}],"about":[{"href":"https:\/\/linitiative.ca\/International\/wp-json\/wp\/v2\/types\/post"}],"author":[{"embeddable":true,"href":"https:\/\/linitiative.ca\/International\/wp-json\/wp\/v2\/users\/1789"}],"replies":[{"embeddable":true,"href":"https:\/\/linitiative.ca\/International\/wp-json\/wp\/v2\/comments?post=111150"}],"version-history":[{"count":0,"href":"https:\/\/linitiative.ca\/International\/wp-json\/wp\/v2\/posts\/111150\/revisions"}],"wp:attachment":[{"href":"https:\/\/linitiative.ca\/International\/wp-json\/wp\/v2\/media?parent=111150"}],"wp:term":[{"taxonomy":"category","embeddable":true,"href":"https:\/\/linitiative.ca\/International\/wp-json\/wp\/v2\/categories?post=111150"},{"taxonomy":"post_tag","embeddable":true,"href":"https:\/\/linitiative.ca\/International\/wp-json\/wp\/v2\/tags?post=111150"}],"curies":[{"name":"wp","href":"https:\/\/api.w.org\/{rel}","templated":true}]}}