{"id":111151,"date":"2021-02-12T15:48:01","date_gmt":"2021-02-12T20:48:01","guid":{"rendered":"https:\/\/linitiative.ca\/International\/tunisie-exclusif-la-composition-du-nouveau-gouvernement-restreint-de-mechichi\/"},"modified":"2021-02-12T15:48:01","modified_gmt":"2021-02-12T20:48:01","slug":"tunisie-exclusif-la-composition-du-nouveau-gouvernement-restreint-de-mechichi","status":"publish","type":"post","link":"https:\/\/linitiative.ca\/International\/tunisie-exclusif-la-composition-du-nouveau-gouvernement-restreint-de-mechichi\/","title":{"rendered":"Tunisie \u2013 EXCLUSIF\u00a0: La composition du nouveau gouvernement restreint de Mechichi"},"content":{"rendered":"<div class=\"post-cont-in left relative\">\n<div id=\"post-info-wrap\" class=\"left relative post-info-out\">\n<div class=\"post-info-img left relative\"><img loading=\"lazy\" decoding=\"async\" alt=\"\" src=\"https:\/\/secure.gravatar.com\/avatar\/047123be9d5e8513774383916ee72db2?s=50&amp;d=mm&amp;r=g\" srcset=\"https:\/\/secure.gravatar.com\/avatar\/047123be9d5e8513774383916ee72db2?s=100&amp;d=mm&amp;r=g 2x\" class=\"avatar avatar-50 photo\" height=\"50\" width=\"50\"\/><\/div>\n<div class=\"post-info-in\">\n<div class=\"post-info-right left relative post-info-name left relative\"><span><span class=\"post-info-text\">Par<\/span> <span class=\"author-name vcard fn author\"><a href=\"https:\/\/www.tunisienumerique.com\/author\/lm\/\" title=\"Articles par LM\" rel=\"author\">LM<\/a><\/span><\/span> <span class=\"post-date updated\"><time class=\"post-date updated\" datetime=\"2021-02-12\">\u00a0| Il y a 41 minutes<\/time><\/span><br \/>\n<meta itemprop=\"dateModified\" content=\"2021-02-12\"\/><\/div>\n<div class=\"left relative\"><button id=\"listenButton1\" class=\"responsivevoice-button\" type=\"button\" value=\"Play\" title=\"\u00c9coutez l'article\"><span>\ud83d\udd0a \u00c9coutez l&rsquo;article<\/span><\/button>\n<\/div>\n<\/div>\n<\/div>\n<p>Le chef du gouvernement, Hichem Mechichi semble avoir, d\u00e9finitivement abandonn\u00e9 l\u2019id\u00e9e du remaniement minist\u00e9riel, devant le blocage et le v\u00e9to oppos\u00e9s par le pr\u00e9sident de la R\u00e9publique.<\/p>\n<div class=\"code-block code-block-1 c4\">\n <ins class=\"adsbygoogle c3\" data-ad-layout=\"in-article\" data-ad-format=\"fluid\" data-ad-client=\"ca-pub-2102118777505746\" data-ad-slot=\"7301775417\"\/>\n<\/div>\n<p>Ce n\u2019est pas pour autant que le chef du gouvernement va garder les ministres dont il avait d\u00e9cid\u00e9 de se d\u00e9barrasser. Ainsi, \u00e0 l\u2019exception d\u2019un ou deux qu\u2019il va, tout de m\u00eame garder, Mechichi a d\u00e9cid\u00e9, apr\u00e8s avoir limog\u00e9 les anciens ministres, de charger les seize qui lui restent, de l\u2019int\u00e9rim des d\u00e9partements qui resteront vacants.<\/p>\n<p>Ainsi, Mechichi projette de confier l\u2019int\u00e9rim de la <strong>Justice<\/strong> \u00e0 la ministre charg\u00e9e de la Fonction publique. Il gardera le minist\u00e8re de <strong>l\u2019Int\u00e9rieur<\/strong> sous son contr\u00f4le personnel. Il confiera le minist\u00e8re de <strong>l\u2019Industrie<\/strong> au ministre de l\u2019Economie ou \u00e0 celui du Commerce. De m\u00eame que celui de <strong>l\u2019Energie<\/strong>. Le minist\u00e8re des D<strong>omaines de l\u2019Etat<\/strong> sera confi\u00e9 \u00e0 l\u2019actuel ministre des affaires religieuses ou, \u00e0 la limite, il ne voit pas d\u2019inconv\u00e9nient de garder l\u2019actuelle ministre. Le minist\u00e8re de <strong>l\u2019Environnement et des affaires locales<\/strong> serait confi\u00e9 au ministre de l\u2019\u00e9quipement, ou alors, il int\u00e9grera la comp\u00e9tence de La Kasbah. Le minist\u00e8re des <strong>Sports<\/strong> sera chapeaut\u00e9 par l\u2019actuelle secr\u00e9taire d\u2019Etat, d\u00e9j\u00e0 en poste. Les A<strong>ffaires culturelles<\/strong> continueront sous le contr\u00f4le du ministre du Tourisme. Alors que le ministre de la <strong>Sant\u00e9<\/strong> pourrait continuer sa mission. Quant au ministre de <strong>l\u2019Agriculture<\/strong>, le profil \u00e9tant assez particulier, le chef du gouvernement serait, encore \u00e0 la recherche de la personnalit\u00e9 ad\u00e9quate.<\/p>\n<p>Mechichi va, en th\u00e9orie, annoncer cette recomposition de son gouvernement,\u00a0 lundi 15 f\u00e9vrier, sachant que, d\u2019ici l\u00e0, cette composition reste sujette \u00e0 d\u2019\u00e9ventuels changements.<\/p>\n<div class=\"swp_social_panel swp_horizontal_panel swp_flat_fresh swp_default_full_color swp_individual_full_color swp_other_full_color scale-100 scale-\" data-min-width=\"1100\" data-float-color=\"#ffffff\" data-float=\"bottom\" data-float-mobile=\"bottom\" data-transition=\"slide\">\n<div class=\"nc_tweetContainer swp_share_button total_shares total_sharesalt\"><span class=\"swp_count\">31 <span class=\"swp_label\">Partages<\/span><\/span><\/div>\n<\/div>\n<p><strong>Que se passe-t-il en Tunisie?<\/strong><br \/>Nous expliquons sur notre <a href=\"https:\/\/www.youtube.com\/channel\/UCRzypVq0B_yBad5eGrwBx0Q?sub_confirmation=1\" target=\"_blank\" rel=\"noopener\">cha\u00eene YouTube<\/a> . <a href=\"https:\/\/www.youtube.com\/channel\/UCRzypVq0B_yBad5eGrwBx0Q?sub_confirmation=1\" target=\"_blank\" rel=\"noopener\">Abonnez-vous!<\/a><\/p>\n<div class=\"mvp-org-wrap\" itemprop=\"publisher\">\n<div class=\"mvp-org-logo\" itemprop=\"logo\"><img decoding=\"async\" src=\"https:\/\/www.tunisienumerique.com\/wp-content\/uploads\/2017\/02\/logo_tunisie_numerique.png\"\/><br \/>\n<meta itemprop=\"url\" content=\"https:\/\/www.tunisienumerique.com\/wp-content\/uploads\/2017\/02\/logo_tunisie_numerique.png\"\/><\/div>\n<p><meta content=\"Tunisie Num\u00e9rique\"\/><\/div>\n<div class=\"mvp-related-posts left relative\">\n<h4 class=\"post-header\"><span class=\"post-header\">Lire aussi<\/span><\/h4>\n<\/div>\n<div id=\"article-ad\">\n <ins class=\"adsbygoogle c5\" data-ad-client=\"ca-pub-2102118777505746\" data-ad-slot=\"6513972734\" data-ad-format=\"auto\" data-full-width-responsive=\"true\"\/>\n<\/div>\n<\/div>\n<div id=\"post-sidebar-wrap\">\n <ins class=\"adsbygoogle c5\" data-ad-client=\"ca-pub-2102118777505746\" data-ad-slot=\"6168283410\" data-ad-format=\"auto\" data-full-width-responsive=\"true\"\/>\n<\/div>\n<p>Auteur: LM<br \/>\n<a href=\"https:\/\/www.tunisienumerique.com\/tunisie-exclusif-la-composition-du-nouveau-gouvernement-restreint-de-mechichi\/\">Cliquez ici pour lire l&rsquo;article depuis sa source.<\/a><\/p>\n","protected":false},"excerpt":{"rendered":"<p>Par LM \u00a0| Il y a 41 minutes \ud83d\udd0a \u00c9coutez l&rsquo;article Le chef du gouvernement, Hichem Mechichi semble avoir, d\u00e9finitivement abandonn\u00e9 l\u2019id\u00e9e du remaniement minist\u00e9riel, devant le blocage et le v\u00e9to oppos\u00e9s par le pr\u00e9sident de la R\u00e9publique. Ce n\u2019est pas pour autant que le chef du gouvernement va garder les ministres dont il avait [&hellip;]<\/p>\n","protected":false},"author":1789,"featured_media":0,"comment_status":"closed","ping_status":"closed","sticky":false,"template":"","format":"standard","meta":{"fifu_image_url":"https:\/\/secure.gravatar.com\/avatar\/047123be9d5e8513774383916ee72db2?s=50&d=mm&r=g","fifu_image_alt":"Tunisie \u2013 EXCLUSIF\u00a0: La composition du nouveau gouvernement restreint de Mechichi","footnotes":""},"categories":[73,55],"tags":[],"class_list":["post-111151","post","type-post","status-publish","format-standard","hentry","category-actualite","category-tunisie"],"_links":{"self":[{"href":"https:\/\/linitiative.ca\/International\/wp-json\/wp\/v2\/posts\/111151","targetHints":{"allow":["GET"]}}],"collection":[{"href":"https:\/\/linitiative.ca\/International\/wp-json\/wp\/v2\/posts"}],"about":[{"href":"https:\/\/linitiative.ca\/International\/wp-json\/wp\/v2\/types\/post"}],"author":[{"embeddable":true,"href":"https:\/\/linitiative.ca\/International\/wp-json\/wp\/v2\/users\/1789"}],"replies":[{"embeddable":true,"href":"https:\/\/linitiative.ca\/International\/wp-json\/wp\/v2\/comments?post=111151"}],"version-history":[{"count":0,"href":"https:\/\/linitiative.ca\/International\/wp-json\/wp\/v2\/posts\/111151\/revisions"}],"wp:attachment":[{"href":"https:\/\/linitiative.ca\/International\/wp-json\/wp\/v2\/media?parent=111151"}],"wp:term":[{"taxonomy":"category","embeddable":true,"href":"https:\/\/linitiative.ca\/International\/wp-json\/wp\/v2\/categories?post=111151"},{"taxonomy":"post_tag","embeddable":true,"href":"https:\/\/linitiative.ca\/International\/wp-json\/wp\/v2\/tags?post=111151"}],"curies":[{"name":"wp","href":"https:\/\/api.w.org\/{rel}","templated":true}]}}