{"id":111152,"date":"2021-02-12T15:54:40","date_gmt":"2021-02-12T20:54:40","guid":{"rendered":"https:\/\/linitiative.ca\/International\/tunisie-mouvement-ennahdha-appelle-a-lorganisation-dune-marche-populaire-a-cette-date\/"},"modified":"2021-02-12T15:54:40","modified_gmt":"2021-02-12T20:54:40","slug":"tunisie-mouvement-ennahdha-appelle-a-lorganisation-dune-marche-populaire-a-cette-date","status":"publish","type":"post","link":"https:\/\/linitiative.ca\/International\/tunisie-mouvement-ennahdha-appelle-a-lorganisation-dune-marche-populaire-a-cette-date\/","title":{"rendered":"Tunisie: Mouvement Ennahdha appelle \u00e0 l\u2019organisation d\u2019une marche populaire \u00e0 cette date"},"content":{"rendered":"<div class=\"post-cont-in left relative\">\n<div id=\"post-info-wrap\" class=\"left relative post-info-out\">\n<div class=\"post-info-img left relative\"><img loading=\"lazy\" decoding=\"async\" alt=\"\" src=\"https:\/\/secure.gravatar.com\/avatar\/ea481d7287ad38ca1787f44b5bb1b70e?s=50&amp;d=mm&amp;r=g\" srcset=\"https:\/\/secure.gravatar.com\/avatar\/ea481d7287ad38ca1787f44b5bb1b70e?s=100&amp;d=mm&amp;r=g 2x\" class=\"avatar avatar-50 photo\" height=\"50\" width=\"50\"\/><\/div>\n<div class=\"post-info-in\">\n<div class=\"post-info-right left relative post-info-name left relative\"><span><span class=\"post-info-text\">Par<\/span> <span class=\"author-name vcard fn author\"><a href=\"https:\/\/www.tunisienumerique.com\/author\/rania-ben-slimane\/\" title=\"Articles par rania ben slimane\" rel=\"author\">rania ben slimane<\/a><\/span><\/span> <span class=\"post-date updated\"><time class=\"post-date updated\" datetime=\"2021-02-12\">\u00a0| Il y a 37 minutes<\/time><\/span><br \/>\n<meta itemprop=\"dateModified\" content=\"2021-02-12\"\/><\/div>\n<div class=\"left relative\"><button id=\"listenButton1\" class=\"responsivevoice-button\" type=\"button\" value=\"Play\" title=\"\u00c9coutez l'article\"><span>\ud83d\udd0a \u00c9coutez l&rsquo;article<\/span><\/button>\n<\/div>\n<\/div>\n<\/div>\n<p>Le bureau ex\u00e9cutif du Mouvement Ennadha a avis\u00e9, dans un communiqu\u00e9 rendu public le 11 f\u00e9vrier 2021, les Secr\u00e9taires g\u00e9n\u00e9raux du bureau local et r\u00e9gional de sa d\u00e9cision d\u2019organisation d\u2019une marche populaire massive, en coordination avec les composantes de la ceinture parlementaire de Hichem Mechichi \u00e0 savoir le parti Ennahdha + Qalb Tounes + Coalition El Karama.<\/p>\n<div class=\"code-block code-block-1 c4\">\n <ins class=\"adsbygoogle c3\" data-ad-layout=\"in-article\" data-ad-format=\"fluid\" data-ad-client=\"ca-pub-2102118777505746\" data-ad-slot=\"7301775417\"\/>\n<\/div>\n<p>Le bureau a indiqu\u00e9 que cette marche s\u2019inscrit dans le cadre du \u00ab soutien de la l\u00e9gitimit\u00e9 du gouvernement Hichem Mechichi, du Parlement et de la Constitution\u00bb.<\/p>\n<p>Il a \u00e9galement pr\u00e9cis\u00e9 qu\u2019elle aura lieu le samedi 27 f\u00e9vrier 2021 et a demand\u00e9 aux dirigeants et dirigeantes r\u00e9gionaux et locaux de mobiliser un grand nombre de participants.<\/p>\n<p><img loading=\"lazy\" decoding=\"async\" class=\"wp-image-627498 aligncenter\" src=\"https:\/\/www.tunisienumerique.com\/wp-content\/uploads\/2021\/02\/communiqu\u00e9-ennahdha-1.jpg\" alt=\"\" width=\"349\" height=\"521\"\/><\/p>\n<div class=\"swp_social_panel swp_horizontal_panel swp_flat_fresh swp_default_full_color swp_individual_full_color swp_other_full_color scale-100 scale-\" data-min-width=\"1100\" data-float-color=\"#ffffff\" data-float=\"bottom\" data-float-mobile=\"bottom\" data-transition=\"slide\">\n<div class=\"nc_tweetContainer swp_share_button total_shares total_sharesalt\"><span class=\"swp_count\">1 <span class=\"swp_label\">Partages<\/span><\/span><\/div>\n<\/div>\n<p><strong>Que se passe-t-il en Tunisie?<\/strong><br \/>Nous expliquons sur notre <a href=\"https:\/\/www.youtube.com\/channel\/UCRzypVq0B_yBad5eGrwBx0Q?sub_confirmation=1\" target=\"_blank\" rel=\"noopener\">cha\u00eene YouTube<\/a> . <a href=\"https:\/\/www.youtube.com\/channel\/UCRzypVq0B_yBad5eGrwBx0Q?sub_confirmation=1\" target=\"_blank\" rel=\"noopener\">Abonnez-vous!<\/a><\/p>\n<div class=\"mvp-org-wrap\" itemprop=\"publisher\">\n<div class=\"mvp-org-logo\" itemprop=\"logo\"><img decoding=\"async\" src=\"https:\/\/www.tunisienumerique.com\/wp-content\/uploads\/2017\/02\/logo_tunisie_numerique.png\"\/><br \/>\n<meta itemprop=\"url\" content=\"https:\/\/www.tunisienumerique.com\/wp-content\/uploads\/2017\/02\/logo_tunisie_numerique.png\"\/><\/div>\n<p><meta content=\"Tunisie Num\u00e9rique\"\/><\/div>\n<div class=\"mvp-related-posts left relative\">\n<h4 class=\"post-header\"><span class=\"post-header\">Lire aussi<\/span><\/h4>\n<\/div>\n<div id=\"article-ad\">\n <ins class=\"adsbygoogle c5\" data-ad-client=\"ca-pub-2102118777505746\" data-ad-slot=\"6513972734\" data-ad-format=\"auto\" data-full-width-responsive=\"true\"\/>\n<\/div>\n<\/div>\n<div id=\"post-sidebar-wrap\">\n <ins class=\"adsbygoogle c5\" data-ad-client=\"ca-pub-2102118777505746\" data-ad-slot=\"6168283410\" data-ad-format=\"auto\" data-full-width-responsive=\"true\"\/>\n<\/div>\n<p>Auteur: rania ben slimane<br \/>\n<a href=\"https:\/\/www.tunisienumerique.com\/tunisie-mouvement-ennahdha-appelle-a-lorganisation-dune-marche-populaire-a-cette-date\/\">Cliquez ici pour lire l&rsquo;article depuis sa source.<\/a><\/p>\n","protected":false},"excerpt":{"rendered":"<p>Par rania ben slimane \u00a0| Il y a 37 minutes \ud83d\udd0a \u00c9coutez l&rsquo;article Le bureau ex\u00e9cutif du Mouvement Ennadha a avis\u00e9, dans un communiqu\u00e9 rendu public le 11 f\u00e9vrier 2021, les Secr\u00e9taires g\u00e9n\u00e9raux du bureau local et r\u00e9gional de sa d\u00e9cision d\u2019organisation d\u2019une marche populaire massive, en coordination avec les composantes de la ceinture parlementaire [&hellip;]<\/p>\n","protected":false},"author":1789,"featured_media":0,"comment_status":"closed","ping_status":"closed","sticky":false,"template":"","format":"standard","meta":{"fifu_image_url":"https:\/\/secure.gravatar.com\/avatar\/ea481d7287ad38ca1787f44b5bb1b70e?s=50&d=mm&r=g","fifu_image_alt":"Tunisie: Mouvement Ennahdha appelle \u00e0 l\u2019organisation d\u2019une marche populaire \u00e0 cette date","footnotes":""},"categories":[73,55],"tags":[],"class_list":["post-111152","post","type-post","status-publish","format-standard","hentry","category-actualite","category-tunisie"],"_links":{"self":[{"href":"https:\/\/linitiative.ca\/International\/wp-json\/wp\/v2\/posts\/111152","targetHints":{"allow":["GET"]}}],"collection":[{"href":"https:\/\/linitiative.ca\/International\/wp-json\/wp\/v2\/posts"}],"about":[{"href":"https:\/\/linitiative.ca\/International\/wp-json\/wp\/v2\/types\/post"}],"author":[{"embeddable":true,"href":"https:\/\/linitiative.ca\/International\/wp-json\/wp\/v2\/users\/1789"}],"replies":[{"embeddable":true,"href":"https:\/\/linitiative.ca\/International\/wp-json\/wp\/v2\/comments?post=111152"}],"version-history":[{"count":0,"href":"https:\/\/linitiative.ca\/International\/wp-json\/wp\/v2\/posts\/111152\/revisions"}],"wp:attachment":[{"href":"https:\/\/linitiative.ca\/International\/wp-json\/wp\/v2\/media?parent=111152"}],"wp:term":[{"taxonomy":"category","embeddable":true,"href":"https:\/\/linitiative.ca\/International\/wp-json\/wp\/v2\/categories?post=111152"},{"taxonomy":"post_tag","embeddable":true,"href":"https:\/\/linitiative.ca\/International\/wp-json\/wp\/v2\/tags?post=111152"}],"curies":[{"name":"wp","href":"https:\/\/api.w.org\/{rel}","templated":true}]}}