{"id":111153,"date":"2021-02-12T16:55:02","date_gmt":"2021-02-12T21:55:02","guid":{"rendered":"https:\/\/linitiative.ca\/International\/tunisie-quel-est-le-plan-de-hichem-mechichi-pour-la-suite\/"},"modified":"2021-02-12T16:55:02","modified_gmt":"2021-02-12T21:55:02","slug":"tunisie-quel-est-le-plan-de-hichem-mechichi-pour-la-suite","status":"publish","type":"post","link":"https:\/\/linitiative.ca\/International\/tunisie-quel-est-le-plan-de-hichem-mechichi-pour-la-suite\/","title":{"rendered":"Tunisie \u2013 Quel est le plan de Hichem Mechichi pour la suite\u00a0?\u00a0\u00a0\u00a0\u00a0\u00a0\u00a0\u00a0"},"content":{"rendered":"<div class=\"post-cont-in left relative\">\n<div id=\"post-info-wrap\" class=\"left relative post-info-out\">\n<div class=\"post-info-img left relative\"><img loading=\"lazy\" decoding=\"async\" alt=\"\" src=\"https:\/\/secure.gravatar.com\/avatar\/96253f4a657b482a18e837c1252096c2?s=50&amp;d=mm&amp;r=g\" srcset=\"https:\/\/secure.gravatar.com\/avatar\/96253f4a657b482a18e837c1252096c2?s=100&amp;d=mm&amp;r=g 2x\" class=\"avatar avatar-50 photo\" height=\"50\" width=\"50\"\/><\/div>\n<div class=\"post-info-in\">\n<div class=\"post-info-right left relative post-info-name left relative\"><span><span class=\"post-info-text\">Par<\/span> <span class=\"author-name vcard fn author\"><a href=\"https:\/\/www.tunisienumerique.com\/author\/saber\/\" title=\"Articles par Saber .\" rel=\"author\">Saber .<\/a><\/span><\/span> <span class=\"post-date updated\"><time class=\"post-date updated\" datetime=\"2021-02-12\">\u00a0| Il y a 1 minute<\/time><\/span><br \/>\n<meta itemprop=\"dateModified\" content=\"2021-02-12\"\/><\/div>\n<div class=\"left relative\"><button id=\"listenButton1\" class=\"responsivevoice-button\" type=\"button\" value=\"Play\" title=\"\u00c9coutez l'article\"><span>\ud83d\udd0a \u00c9coutez l&rsquo;article<\/span><\/button>\n<\/div>\n<\/div>\n<\/div>\n<p>Les derniers \u00e9v\u00e8nements n\u2019ont, certainement, pas manqu\u00e9 de fragiliser la position du chef du gouvernement, Hichem Mechichi, qui va devoir, non seulement, faire face \u00e0 la gravit\u00e9 de la situation, notamment sanitaire, \u00e9conomique et sociale, mais, aussi, \u00e9voluer dans l\u2019adversit\u00e9, avec un pays \u00e0 la limite, ingouvernable, et un pr\u00e9sident de la R\u00e9publique \u00e0 l\u2019affut, et qui s\u2019est jur\u00e9 d\u2019emp\u00eacher tout ce beau monde de tourner en rond.<\/p>\n<div class=\"code-block code-block-1 c4\">\n <ins class=\"adsbygoogle c3\" data-ad-layout=\"in-article\" data-ad-format=\"fluid\" data-ad-client=\"ca-pub-2102118777505746\" data-ad-slot=\"7301775417\"\/>\n<\/div>\n<p>C\u2019est pour toutes ces raisons que Mechichi se devait d\u2019assurer ses arri\u00e8res. Ainsi, et apr\u00e8s avoir fini de g\u00e9rer le blocage actuel, il s\u2019est arrang\u00e9 pour se donner une meilleure marge de man\u0153uvre, pour pouvoir mener \u00e0 terme ses projets.<\/p>\n<p>Le premier objectif \u00e9tant d\u2019\u00e9viter, tat que possible, de tomber dans de telles situations de blocage. Ce qui ne va pas \u00eatre chose ais\u00e9e. Et il sait que le pr\u00e9sident de Carthage ne va pas se priver de lui rendre la vie et la t\u00e2che difficile, chaque fois que l\u2019occasion se pr\u00e9sentera.<\/p>\n<p>C\u2019est dans ce souci que Mechichi l\u2019a annonc\u00e9 depuis hier. Son premier objectif, pour la p\u00e9riode \u00e0 venir, sera de parachever la mise en place de la cour constitutionnelle, qui sera son seul garant d\u2019\u00e9viter de tels blocages.<\/p>\n<p>Et c\u2019est, seulement, \u00e0 cette condition que Mechichi esp\u00e8rera pouvoir entamer son travail sans se soucier des b\u00e2tons dans les roues, qu\u2019on ne manquera pas de lui mettre\u00a0!<\/p>\n<div class=\"swp_social_panel swp_horizontal_panel swp_flat_fresh swp_default_full_color swp_individual_full_color swp_other_full_color scale-100 scale-\" data-min-width=\"1100\" data-float-color=\"#ffffff\" data-float=\"bottom\" data-float-mobile=\"bottom\" data-transition=\"slide\">\n<div class=\"nc_tweetContainer swp_share_button total_shares total_sharesalt\"><span class=\"swp_count\">0 <span class=\"swp_label\">Partages<\/span><\/span><\/div>\n<\/div>\n<p><strong>Que se passe-t-il en Tunisie?<\/strong><br \/>Nous expliquons sur notre <a href=\"https:\/\/www.youtube.com\/channel\/UCRzypVq0B_yBad5eGrwBx0Q?sub_confirmation=1\" target=\"_blank\" rel=\"noopener\">cha\u00eene YouTube<\/a> . <a href=\"https:\/\/www.youtube.com\/channel\/UCRzypVq0B_yBad5eGrwBx0Q?sub_confirmation=1\" target=\"_blank\" rel=\"noopener\">Abonnez-vous!<\/a><\/p>\n<div class=\"mvp-org-wrap\" itemprop=\"publisher\">\n<div class=\"mvp-org-logo\" itemprop=\"logo\"><img decoding=\"async\" src=\"https:\/\/www.tunisienumerique.com\/wp-content\/uploads\/2017\/02\/logo_tunisie_numerique.png\"\/><br \/>\n<meta itemprop=\"url\" content=\"https:\/\/www.tunisienumerique.com\/wp-content\/uploads\/2017\/02\/logo_tunisie_numerique.png\"\/><\/div>\n<p><meta content=\"Tunisie Num\u00e9rique\"\/><\/div>\n<div class=\"mvp-related-posts left relative\">\n<h4 class=\"post-header\"><span class=\"post-header\">Lire aussi<\/span><\/h4>\n<\/div>\n<div id=\"article-ad\">\n <ins class=\"adsbygoogle c5\" data-ad-client=\"ca-pub-2102118777505746\" data-ad-slot=\"6513972734\" data-ad-format=\"auto\" data-full-width-responsive=\"true\"\/>\n<\/div>\n<\/div>\n<div id=\"post-sidebar-wrap\">\n <ins class=\"adsbygoogle c5\" data-ad-client=\"ca-pub-2102118777505746\" data-ad-slot=\"6168283410\" data-ad-format=\"auto\" data-full-width-responsive=\"true\"\/>\n<\/div>\n<p>Auteur: Saber .<br \/>\n<a href=\"https:\/\/www.tunisienumerique.com\/tunisie-quel-est-le-plan-de-hichem-mechichi-pour-la-suite\/\">Cliquez ici pour lire l&rsquo;article depuis sa source.<\/a><\/p>\n","protected":false},"excerpt":{"rendered":"<p>Par Saber . \u00a0| Il y a 1 minute \ud83d\udd0a \u00c9coutez l&rsquo;article Les derniers \u00e9v\u00e8nements n\u2019ont, certainement, pas manqu\u00e9 de fragiliser la position du chef du gouvernement, Hichem Mechichi, qui va devoir, non seulement, faire face \u00e0 la gravit\u00e9 de la situation, notamment sanitaire, \u00e9conomique et sociale, mais, aussi, \u00e9voluer dans l\u2019adversit\u00e9, avec un pays [&hellip;]<\/p>\n","protected":false},"author":1789,"featured_media":0,"comment_status":"closed","ping_status":"closed","sticky":false,"template":"","format":"standard","meta":{"fifu_image_url":"https:\/\/secure.gravatar.com\/avatar\/96253f4a657b482a18e837c1252096c2?s=50&d=mm&r=g","fifu_image_alt":"Tunisie \u2013 Quel est le plan de Hichem Mechichi pour la suite\u00a0?\u00a0\u00a0\u00a0\u00a0\u00a0\u00a0\u00a0","footnotes":""},"categories":[73,55],"tags":[],"class_list":["post-111153","post","type-post","status-publish","format-standard","hentry","category-actualite","category-tunisie"],"_links":{"self":[{"href":"https:\/\/linitiative.ca\/International\/wp-json\/wp\/v2\/posts\/111153","targetHints":{"allow":["GET"]}}],"collection":[{"href":"https:\/\/linitiative.ca\/International\/wp-json\/wp\/v2\/posts"}],"about":[{"href":"https:\/\/linitiative.ca\/International\/wp-json\/wp\/v2\/types\/post"}],"author":[{"embeddable":true,"href":"https:\/\/linitiative.ca\/International\/wp-json\/wp\/v2\/users\/1789"}],"replies":[{"embeddable":true,"href":"https:\/\/linitiative.ca\/International\/wp-json\/wp\/v2\/comments?post=111153"}],"version-history":[{"count":0,"href":"https:\/\/linitiative.ca\/International\/wp-json\/wp\/v2\/posts\/111153\/revisions"}],"wp:attachment":[{"href":"https:\/\/linitiative.ca\/International\/wp-json\/wp\/v2\/media?parent=111153"}],"wp:term":[{"taxonomy":"category","embeddable":true,"href":"https:\/\/linitiative.ca\/International\/wp-json\/wp\/v2\/categories?post=111153"},{"taxonomy":"post_tag","embeddable":true,"href":"https:\/\/linitiative.ca\/International\/wp-json\/wp\/v2\/tags?post=111153"}],"curies":[{"name":"wp","href":"https:\/\/api.w.org\/{rel}","templated":true}]}}