{"id":111155,"date":"2021-02-12T11:18:02","date_gmt":"2021-02-12T16:18:02","guid":{"rendered":"https:\/\/linitiative.ca\/International\/covid-19-vaccins-cinq-millions-de-la-bm-pour-le-cabo-verde\/"},"modified":"2021-02-12T11:18:02","modified_gmt":"2021-02-12T16:18:02","slug":"covid-19-vaccins-cinq-millions-de-la-bm-pour-le-cabo-verde","status":"publish","type":"post","link":"https:\/\/linitiative.ca\/International\/covid-19-vaccins-cinq-millions-de-la-bm-pour-le-cabo-verde\/","title":{"rendered":"Covid-19\/Vaccins: cinq millions $ de la BM pour le Cabo Verde"},"content":{"rendered":"<div readability=\"32\">\n<p>Publi\u00e9 le 12.02.2021 \u00e0 17h18 par APA News<\/p>\n<\/div>\n<div readability=\"107\">\n<p>La Banque mondiale a approuv\u00e9 un financement suppl\u00e9mentaire de 5 millions de dollars au Cabo Verde afin d\u2019assurer un acc\u00e8s abordable et \u00e9quitable aux vaccins contre la Covid-19.Le Cabo Verde b\u00e9n\u00e9ficie de la premi\u00e8re op\u00e9ration financ\u00e9e par la BM en Afrique pour soutenir les plans de vaccination nationaux anti-Covid-19 et contribuer \u00e0 l\u2019achat et la distribution de vaccins conform\u00e9ment au m\u00e9canisme COVAX.<\/p>\n<p>Ce financement suppl\u00e9mentaire permettra aux autorit\u00e9s caboverdiennes d\u2019acheter et de distribuer plus de 400 000 doses de vaccin, ainsi que des \u00e9quipements de protection individuelle, notamment des masques, et d\u2019autres fournitures m\u00e9dicales essentielles pour garantir une campagne de vaccination efficace.<\/p>\n<p>Le projet financera \u00e9galement des \u00e9quipements pour la cha\u00eene du froid et le transport des vaccins et il s\u2019attachera \u00e0 am\u00e9liorer les infrastructures sanitaires dans le but de rouvrir le pays au tourisme. Cet appui s\u2019inscrit dans la continuit\u00e9 de l\u2019aide apport\u00e9e dans le cadre du projet d\u2019intervention d\u2019urgence COVID-19 \u00e0 Cabo Verde.<\/p>\n<p>\u00ab Alors qu\u2019une deuxi\u00e8me vague de coronavirus touche durement les populations et les \u00e9conomies africaines, entra\u00eenant la fermeture des \u00e9coles et des entreprises, nous intensifions nos efforts pour aider les pays \u00e0 acheter et \u00e0 distribuer des vaccins, des tests et des traitements, et \u00e0 renforcer leurs syst\u00e8mes de vaccination\u00a0\u00bb, explique Ousmane Diagana, vice-pr\u00e9sident de la Banque mondiale pour l\u2019Afrique de l\u2019Ouest et centrale.<\/p>\n<p>\u00ab Cabo Verde a une longue exp\u00e9rience des campagnes de vaccination et est bien pr\u00e9par\u00e9 pour commencer \u00e0 vacciner ce mois-ci. Il s\u2019agit d\u2019une \u00e9tape cruciale pour assurer l\u2019avenir de la population du pays, r\u00e9tablir l\u2019emploi et relancer une industrie du tourisme frapp\u00e9e de plein fouet par la pand\u00e9mie \u00bb, poursuit le responsable de la BM.<\/p>\n<p>La crise de la COVID a \u00e9branl\u00e9 l\u2019\u00e9conomie caboverdienne, dont le PIB devrait enregistrer une contraction de 11 % en 2020. Dans ce petit \u00c9tat insulaire situ\u00e9 au large de l\u2019Afrique de l\u2019Ouest, les arriv\u00e9es de touristes ont chut\u00e9 de 70 % en 2020, le ch\u00f4mage a atteint pr\u00e8s de 20 % et le taux de pauvret\u00e9 a plus que doubl\u00e9, passant de 20 % \u00e0 45 %. Si les deux tiers des d\u00e9c\u00e8s surviennent chez les plus de 65 ans, les jeunes actifs sont les plus touch\u00e9s \u00e9conomiquement par le virus.<\/p>\n<p>\u00ab Apr\u00e8s plusieurs mois de travail intensif et d\u2019\u00e9troite collaboration, nous sommes tr\u00e8s heureux que la Banque mondiale ait approuv\u00e9 ce financement suppl\u00e9mentaire pour aider Cabo Verde \u00e0 acheter et \u00e0 distribuer des vaccins contre le virus de la COVID-19\u00a0\u00bb, s\u2019est r\u00e9joui le vice-Premier ministre et ministre des Finances, Olavo Avelino Garcia Correia.<\/p>\n<p>\u00ab Ce financement vient compl\u00e9ter les mesures de grande envergure que le Cabo Verde a rapidement mises en place d\u00e8s le d\u00e9but de la pand\u00e9mie. \u00c0 pr\u00e9sent, nous avons h\u00e2te de vacciner la population au plus vite afin de pouvoir relancer la croissance \u00e9conomique en mettant l\u2019accent sur la diversification et la r\u00e9silience \u00bb, a-t-il ajout\u00e9.<\/p>\n<p>Dans la perspective du plan de vaccination national contre la COVID-19, les autorit\u00e9s de Cabo Verde ont r\u00e9alis\u00e9, avec l\u2019aide de la Banque mondiale, de l\u2019Organisation mondiale de la sant\u00e9 (OMS) et du Fonds des Nations Unies pour l\u2019enfance (UNICEF), une \u00e9valuation de l\u2019\u00e9tat de pr\u00e9paration du pays au d\u00e9ploiement des vaccins.<\/p>\n<p>Cet exercice a montr\u00e9 que les pr\u00e9paratifs \u00e9taient bien engag\u00e9s, que le cadre juridique et le processus d\u2019identification de la population cible \u00e9taient en place, et que Cabo Verde pouvait d\u00e9sormais b\u00e9n\u00e9ficier de la garantie de march\u00e9 du m\u00e9canisme COVAX afin de proc\u00e9der \u00e0 l\u2019achat de vaccins.<\/p>\n<\/div>\n<p>Auteur: APA News<br \/>\n<a href=\"https:\/\/www.journalducameroun.com\/covid-19-vaccins-cinq-millions-de-la-bm-pour-le-cabo-verde\/\">Cliquez ici pour lire l&rsquo;article depuis sa source.<\/a><\/p>\n","protected":false},"excerpt":{"rendered":"<p>Publi\u00e9 le 12.02.2021 \u00e0 17h18 par APA News La Banque mondiale a approuv\u00e9 un financement suppl\u00e9mentaire de 5 millions de dollars au Cabo Verde afin d\u2019assurer un acc\u00e8s abordable et \u00e9quitable aux vaccins contre la Covid-19.Le Cabo Verde b\u00e9n\u00e9ficie de la premi\u00e8re op\u00e9ration financ\u00e9e par la BM en Afrique pour soutenir les plans de vaccination [&hellip;]<\/p>\n","protected":false},"author":1965,"featured_media":0,"comment_status":"closed","ping_status":"closed","sticky":false,"template":"","format":"standard","meta":{"fifu_image_url":"","fifu_image_alt":"","footnotes":""},"categories":[73,82],"tags":[],"class_list":["post-111155","post","type-post","status-publish","format-standard","hentry","category-actualite","category-cameroun"],"_links":{"self":[{"href":"https:\/\/linitiative.ca\/International\/wp-json\/wp\/v2\/posts\/111155","targetHints":{"allow":["GET"]}}],"collection":[{"href":"https:\/\/linitiative.ca\/International\/wp-json\/wp\/v2\/posts"}],"about":[{"href":"https:\/\/linitiative.ca\/International\/wp-json\/wp\/v2\/types\/post"}],"author":[{"embeddable":true,"href":"https:\/\/linitiative.ca\/International\/wp-json\/wp\/v2\/users\/1965"}],"replies":[{"embeddable":true,"href":"https:\/\/linitiative.ca\/International\/wp-json\/wp\/v2\/comments?post=111155"}],"version-history":[{"count":0,"href":"https:\/\/linitiative.ca\/International\/wp-json\/wp\/v2\/posts\/111155\/revisions"}],"wp:attachment":[{"href":"https:\/\/linitiative.ca\/International\/wp-json\/wp\/v2\/media?parent=111155"}],"wp:term":[{"taxonomy":"category","embeddable":true,"href":"https:\/\/linitiative.ca\/International\/wp-json\/wp\/v2\/categories?post=111155"},{"taxonomy":"post_tag","embeddable":true,"href":"https:\/\/linitiative.ca\/International\/wp-json\/wp\/v2\/tags?post=111155"}],"curies":[{"name":"wp","href":"https:\/\/api.w.org\/{rel}","templated":true}]}}