{"id":111156,"date":"2021-02-12T12:16:30","date_gmt":"2021-02-12T17:16:30","guid":{"rendered":"https:\/\/linitiative.ca\/International\/cameroun-le-fils-de-samuel-etoo-parmi-les-27-joueurs-choisis-pour-la-can-u20\/"},"modified":"2021-02-12T12:16:30","modified_gmt":"2021-02-12T17:16:30","slug":"cameroun-le-fils-de-samuel-etoo-parmi-les-27-joueurs-choisis-pour-la-can-u20","status":"publish","type":"post","link":"https:\/\/linitiative.ca\/International\/cameroun-le-fils-de-samuel-etoo-parmi-les-27-joueurs-choisis-pour-la-can-u20\/","title":{"rendered":"Cameroun : le fils de Samuel Eto\u2019o parmi les 27 joueurs choisis pour la CAN U20"},"content":{"rendered":"<div readability=\"32\">\n<p>Publi\u00e9 le 12.02.2021 \u00e0 18h16 par Christian Djimadeu<\/p>\n<\/div>\n<div readability=\"55\">\n<h2><strong>Tout comme le gar\u00e7on de l\u2019ancien international Bill Tchato, il a \u00e9t\u00e9 retenu dans l\u2019effectif du Cameroun qui va disputer la Coupe d\u2019Afrique des moins de 20 ans d\u00e8s le 14 f\u00e9vrier en Mauritanie.<\/strong><\/h2>\n<p>Les \u00a027\u00a0 Lionceaux qui vont repr\u00e9senter le Cameroun \u00e0 la Can U20 en Mauritanie sont\u00a0 connus depuis ce 12 f\u00e9vrier 2020. Parmi eux, l\u2019attaquant Etienne Eto\u2019o Pineda, joueur du\u00a0<strong>R\u00e9al Oviedo<\/strong>\u00a0(<strong>Espagne<\/strong>), \u00a0fils de l\u2019ex gol\u00e9ador des Lions Indomptables Samuel Eto\u2019o.<\/p>\n<p>Le s\u00e9lectionneur des\u00a0U20 camerounais <strong>\u00a0Christophe Ousmanou<\/strong>\u00a0a aussi retenu <strong>Enzo Tchato<\/strong>, d\u00e9fenseur \u00a0de\u00a0<strong>Montpellier<\/strong>\u00a0(<strong>France<\/strong>), prog\u00e9niture \u00a0de l\u2019ex-lion indomptable\u00a0<strong>Bill Tchato<\/strong>. Etienne Eto\u2019o et Enzo Tchato font partie des huit joueurs \u00e9voluant dans des clubs \u00e0 l\u2019\u00e9tranger qui participeront \u00e0 la Can sous les couleurs du Cameroun.<\/p>\n<div id=\"attachment_383806\" class=\"wp-caption alignnone c9\"><img loading=\"lazy\" decoding=\"async\" class=\"wp-image-383806 size-full\" src=\"https:\/\/www.journalducameroun.com\/wp-content\/uploads\/2021\/02\/Liste-des-U23.jpg\" alt=\"\" width=\"720\" height=\"480\" srcset=\"https:\/\/www.journalducameroun.com\/wp-content\/uploads\/2021\/02\/Liste-des-U23.jpg 720w, https:\/\/www.journalducameroun.com\/wp-content\/uploads\/2021\/02\/Liste-des-U23-300x200.jpg 300w, https:\/\/www.journalducameroun.com\/wp-content\/uploads\/2021\/02\/Liste-des-U23-660x440.jpg 660w, https:\/\/www.journalducameroun.com\/wp-content\/uploads\/2021\/02\/Liste-des-U23-600x400.jpg 600w\" sizes=\"auto, (max-width: 720px) 100vw, 720px\"\/><\/p>\n<p class=\"wp-caption-text\">Liste des U23<\/p>\n<\/div>\n<p>Plusieurs d\u2019entre eux avaient \u00e9t\u00e9 appel\u00e9s en 2019 pour le mondial U17, mais avaient \u00e9t\u00e9 recal\u00e9s \u00e0 cause d\u2019un d\u00e9cret du pr\u00e9sident de la R\u00e9publique sign\u00e9 en 2014 qui consacre la s\u00e9lection des moins de 17 aux seuls joueurs \u00e9voluant au pays.<\/p>\n<p>Pour la Can U20, le Cameroun est log\u00e9 dans la poule A en compagnie du pays organisateur la Mauritanie, le Zimbabwe et l\u2019Ouganda. Les lions U20 vont affronter la Mauritanie le 14 f\u00e9vrier en match d\u2019ouverture.<\/p>\n<\/div>\n<p>Auteur: Christian DJIMADEU<br \/>\n<a href=\"https:\/\/www.journalducameroun.com\/cameroun-le-fils-de-samuel-etoo-parmi-les-27-joueurs-choisis-pour-la-can-u20-cameroun\/\">Cliquez ici pour lire l&rsquo;article depuis sa source.<\/a><\/p>\n","protected":false},"excerpt":{"rendered":"<p>Publi\u00e9 le 12.02.2021 \u00e0 18h16 par Christian Djimadeu Tout comme le gar\u00e7on de l\u2019ancien international Bill Tchato, il a \u00e9t\u00e9 retenu dans l\u2019effectif du Cameroun qui va disputer la Coupe d\u2019Afrique des moins de 20 ans d\u00e8s le 14 f\u00e9vrier en Mauritanie. Les \u00a027\u00a0 Lionceaux qui vont repr\u00e9senter le Cameroun \u00e0 la Can U20 en [&hellip;]<\/p>\n","protected":false},"author":1965,"featured_media":0,"comment_status":"closed","ping_status":"closed","sticky":false,"template":"","format":"standard","meta":{"fifu_image_url":"https:\/\/www.journalducameroun.com\/wp-content\/uploads\/2021\/02\/Liste-des-U23.jpg","fifu_image_alt":"Cameroun : le fils de Samuel Eto\u2019o parmi les 27 joueurs choisis pour la CAN U20","footnotes":""},"categories":[73,82],"tags":[],"class_list":["post-111156","post","type-post","status-publish","format-standard","hentry","category-actualite","category-cameroun"],"_links":{"self":[{"href":"https:\/\/linitiative.ca\/International\/wp-json\/wp\/v2\/posts\/111156","targetHints":{"allow":["GET"]}}],"collection":[{"href":"https:\/\/linitiative.ca\/International\/wp-json\/wp\/v2\/posts"}],"about":[{"href":"https:\/\/linitiative.ca\/International\/wp-json\/wp\/v2\/types\/post"}],"author":[{"embeddable":true,"href":"https:\/\/linitiative.ca\/International\/wp-json\/wp\/v2\/users\/1965"}],"replies":[{"embeddable":true,"href":"https:\/\/linitiative.ca\/International\/wp-json\/wp\/v2\/comments?post=111156"}],"version-history":[{"count":0,"href":"https:\/\/linitiative.ca\/International\/wp-json\/wp\/v2\/posts\/111156\/revisions"}],"wp:attachment":[{"href":"https:\/\/linitiative.ca\/International\/wp-json\/wp\/v2\/media?parent=111156"}],"wp:term":[{"taxonomy":"category","embeddable":true,"href":"https:\/\/linitiative.ca\/International\/wp-json\/wp\/v2\/categories?post=111156"},{"taxonomy":"post_tag","embeddable":true,"href":"https:\/\/linitiative.ca\/International\/wp-json\/wp\/v2\/tags?post=111156"}],"curies":[{"name":"wp","href":"https:\/\/api.w.org\/{rel}","templated":true}]}}