{"id":111158,"date":"2021-02-12T17:18:05","date_gmt":"2021-02-12T22:18:05","guid":{"rendered":"https:\/\/linitiative.ca\/International\/les-medias-numeriques-ivoiriens-invites-a-se-faire-recenser\/"},"modified":"2021-02-12T17:18:05","modified_gmt":"2021-02-12T22:18:05","slug":"les-medias-numeriques-ivoiriens-invites-a-se-faire-recenser","status":"publish","type":"post","link":"https:\/\/linitiative.ca\/International\/les-medias-numeriques-ivoiriens-invites-a-se-faire-recenser\/","title":{"rendered":"Les m\u00e9dias num\u00e9riques ivoiriens invit\u00e9s \u00e0 se faire recenser"},"content":{"rendered":"<div readability=\"32\">\n<p>Publi\u00e9 le 12.02.2021 \u00e0 23h18 par APA News<\/p>\n<\/div>\n<div readability=\"60\">\n<p>Les \u00e9diteurs des productions d\u2019informations num\u00e9riques de droit ivoirien et de droit \u00e9tranger ayant une repr\u00e9sentation en C\u00f4te d\u2019Ivoire, qui ne se sont pas encore d\u00e9clar\u00e9s au procureur de la R\u00e9publique, sont invit\u00e9s \u00e0 se faire recenser \u00ab dans les plus brefs d\u00e9lais \u00bb aupr\u00e8s de l\u2019Autorit\u00e9 nationale de la presse ( ANP, r\u00e9gulateur ), rapporte un communiqu\u00e9 transmis vendredi \u00e0 APA.<\/p>\n<p>Selon \u00a0M. Samba Kon\u00e9, le pr\u00e9sident de l\u2019ANP, ce recensement des m\u00e9dias num\u00e9riques s\u2019inscrit dans le cadre de la mission de r\u00e9gulation de son institution. A cet effet, les productions d\u2019informations num\u00e9riques concern\u00e9es devront fournir plusieurs documents \u00e0 d\u00e9poser au si\u00e8ge de l\u2019ANP sis \u00e0 Cocody II-Plateaux, dans l\u2019Est d\u2019Abidjan.<\/p>\n<p>Il s\u2019agit notamment du nom de l\u2019entreprise \u00e9ditrice, du nom de la production num\u00e9rique, de l\u2019identit\u00e9 et de la photocopie de la carte de journaliste professionnel (CIJP) du directeur de la publication.<\/p>\n<p>La liste des membres de la r\u00e9daction et leurs pseudonymes, la photocopie des cartes CIJP valides des membres de la r\u00e9daction, la situation g\u00e9ographique de la r\u00e9daction et les adresses t\u00e9l\u00e9phoniques et \u00e9lectroniques de la r\u00e9daction sont \u00e9galement \u00e0 fournir.<\/p>\n<\/div>\n<p>Auteur: APA News<br \/>\n<a href=\"https:\/\/www.journalducameroun.com\/les-medias-numeriques-ivoiriens-invites-a-se-faire-recenser\/\">Cliquez ici pour lire l&rsquo;article depuis sa source.<\/a><\/p>\n","protected":false},"excerpt":{"rendered":"<p>Publi\u00e9 le 12.02.2021 \u00e0 23h18 par APA News Les \u00e9diteurs des productions d\u2019informations num\u00e9riques de droit ivoirien et de droit \u00e9tranger ayant une repr\u00e9sentation en C\u00f4te d\u2019Ivoire, qui ne se sont pas encore d\u00e9clar\u00e9s au procureur de la R\u00e9publique, sont invit\u00e9s \u00e0 se faire recenser \u00ab dans les plus brefs d\u00e9lais \u00bb aupr\u00e8s de l\u2019Autorit\u00e9 [&hellip;]<\/p>\n","protected":false},"author":1965,"featured_media":0,"comment_status":"closed","ping_status":"closed","sticky":false,"template":"","format":"standard","meta":{"fifu_image_url":"","fifu_image_alt":"","footnotes":""},"categories":[73,82],"tags":[],"class_list":["post-111158","post","type-post","status-publish","format-standard","hentry","category-actualite","category-cameroun"],"_links":{"self":[{"href":"https:\/\/linitiative.ca\/International\/wp-json\/wp\/v2\/posts\/111158","targetHints":{"allow":["GET"]}}],"collection":[{"href":"https:\/\/linitiative.ca\/International\/wp-json\/wp\/v2\/posts"}],"about":[{"href":"https:\/\/linitiative.ca\/International\/wp-json\/wp\/v2\/types\/post"}],"author":[{"embeddable":true,"href":"https:\/\/linitiative.ca\/International\/wp-json\/wp\/v2\/users\/1965"}],"replies":[{"embeddable":true,"href":"https:\/\/linitiative.ca\/International\/wp-json\/wp\/v2\/comments?post=111158"}],"version-history":[{"count":0,"href":"https:\/\/linitiative.ca\/International\/wp-json\/wp\/v2\/posts\/111158\/revisions"}],"wp:attachment":[{"href":"https:\/\/linitiative.ca\/International\/wp-json\/wp\/v2\/media?parent=111158"}],"wp:term":[{"taxonomy":"category","embeddable":true,"href":"https:\/\/linitiative.ca\/International\/wp-json\/wp\/v2\/categories?post=111158"},{"taxonomy":"post_tag","embeddable":true,"href":"https:\/\/linitiative.ca\/International\/wp-json\/wp\/v2\/tags?post=111158"}],"curies":[{"name":"wp","href":"https:\/\/api.w.org\/{rel}","templated":true}]}}