{"id":111160,"date":"2021-02-12T11:45:14","date_gmt":"2021-02-12T16:45:14","guid":{"rendered":"https:\/\/linitiative.ca\/International\/prix-pierre-castel-lappel-a-candidature-se-tiendra-du-1er-mars-au-31-mai-2021\/"},"modified":"2021-02-12T11:45:14","modified_gmt":"2021-02-12T16:45:14","slug":"prix-pierre-castel-lappel-a-candidature-se-tiendra-du-1er-mars-au-31-mai-2021","status":"publish","type":"post","link":"https:\/\/linitiative.ca\/International\/prix-pierre-castel-lappel-a-candidature-se-tiendra-du-1er-mars-au-31-mai-2021\/","title":{"rendered":"Prix Pierre Castel : l\u2019appel \u00e0 candidature se tiendra du 1er mars au 31 mai 2021"},"content":{"rendered":"<p>Voil\u00e0 quatre ans d\u00e9j\u00e0 que le Fonds Pierre Castel promeut l\u2019entrepreneuriat jeune dans les domaines agricoles et agro-alimentaires avec son prix Pierre Castel. Pour cette ann\u00e9e 2021, la p\u00e9riode allant du 1er mars au 31 mai, permettra aux jeunes entrepreneures du Cameroun, du Burkina Faso, de la C\u00f4te d\u2019ivoire et la R\u00e9publique D\u00e9mocratique du Congo de concourir et mettre en exergue leur savoir-faire dans ce secteur rempli d\u2019opportunit\u00e9s.<\/p>\n<p>Pour cette 4eme \u00e9dition, le prix castel r\u00e9compensera, six entrepreneurs par pays. Le premier laur\u00e9at recevra une enveloppe de 15000 euros, soit un montant d\u2019environ 10 millions de Fcfa, il b\u00e9n\u00e9ficiera aussi d\u2019un coaching\u00a0\u00a0personnalis\u00e9, d\u2019un\u00a0\u00a0parrainage et une formation d\u2019une dur\u00e9e d\u2019an an.\u00a0\u00a0Pour le deuxi\u00e8me laur\u00e9at, \u00e7a sera un montant de 5000 euros, soit 3,2 millions de F, il recevra \u00e9galement un coaching et une formation d\u2019un an. Les quatre autres finalistes quant \u00e0 eux, s\u2019en sortiront avec une formation certifiante par e-learning avec le centre du commerce de Gen\u00e8ve.<\/p>\n<p><strong>Lire aussi<\/strong> : <a href=\"https:\/\/ecomatin.net\/enseignement-professionnel-luniversite-de-dschang-abritera-la-chaire-pierre-castel\/\">Enseignement professionnel: l\u2019Universit\u00e9 de Dschang abritera la chaire Pierre Castel<\/a><\/p>\n<p>Le Fonds Pierre Castel garantit aux candidats, lors des diff\u00e9rentes \u00e9tapes de la comp\u00e9tition, la bonne foi, l\u2019impartialit\u00e9 et la loyaut\u00e9 des membres. Pour la premi\u00e8re \u00e9tape, elle s\u2019al\u00e8te, \u00e0 l\u2019identification des candidatures \u00e9ligibles et la s\u00e9lection de six projets par le comit\u00e9 de s\u00e9lection. Pour la deuxi\u00e8me \u00e9tape, elle consiste, \u00e0 l\u2019audition des candidats retenus par les jurys dans les diff\u00e9rents pays, et la s\u00e9lection de deux finalistes par pays pour la finale. La troisi\u00e8me \u00e9tape de la comp\u00e9tition, met l\u2019accent, sur la pr\u00e9sentation des projets des finalistes par visio-conf\u00e9rence, devant le grand jury de Bordeaux en France, pr\u00e9sid\u00e9 par Pierre Castel et la d\u00e9signation afin,\u00a0\u00a0du grand laur\u00e9at par pays.<\/p>\n<p><strong>Lire aussi<\/strong> : <a href=\"https:\/\/ecomatin.net\/prix-pierre-castel-leuwing-ngounouo-delors-vainqueur-de-la-3e-edition\/\">Prix pierre Castel : Leuwing Ngounouo Delors vainqueur de la 3e \u00e9dition<\/a><\/p>\n<p>L\u2019esprit de la comp\u00e9tition tel que formul\u00e9, par la fond pierre castel, est de soutenir les jeunes entrepreneurs, dans les domaines de l\u2019agriculture,\u00a0\u00a0et de l\u2019agroalimentaire, ceci dans l\u2019optique de contribuer aux d\u00e9veloppements socio-\u00e9conomiques\u00a0\u00a0et environnementale de leurs pays. Les dotations\u00a0\u00a0affect\u00e9es aux porteurs de projets, doivent servir au d\u00e9veloppement des projets s\u00e9lectionn\u00e9s\u00a0; pour leur qualit\u00e9 et leur impact environnement \u00e9conomique social et environnementale.<\/p>\n<p><strong>Leuwing Ngounouo Delors remportait la\u00a0\u00a03e \u00e9dition<\/strong><\/p>\n<p>Le prix de la troisi\u00e8me \u00e9dition du Prix Pierre Castel, \u00a0a \u00e9t\u00e9 remport\u00e9 par Leuwing Ngounouo Delors, face \u00e0 Mboudie Domche Emmanuel finaliste de l\u2019\u00e9tape de pr\u00e9-s\u00e9lection avec son projet de transformation et de commercialisation d\u2019un th\u00e9 aromatis\u00e9 \u00e0 base de kola. Leuwing Ngounouo Delors avait\u00a0\u00a0alors fait pencher la balance \u00e0 sa faveur avec son entreprise \u00ab Mboa Snackery\u2019s Sarl \u00bb et son projet d\u2019extension d\u2019une unit\u00e9 semi-industrielle de production de chips de banane plantain, sous la marque Kelon chips.\u00a0Il remportait\u00a0\u00a0ainsi, une dotation de 15 000 euros soit environ 10 millions de FCFA, une formation et un accompagnement personnalis\u00e9. Lors de cette \u00e9dition, le jury de Bordeaux \u00e9tait pr\u00e9sid\u00e9 par Pierre Castel en personne et au Cameroun par Emmanuel DE Tailly Directeur g\u00e9n\u00e9ral de la Soci\u00e9t\u00e9 anonymes des brasseries du Cameroun (Sabc).<\/p>\n<p><strong>Lire aussi<\/strong> : <a href=\"https:\/\/ecomatin.net\/prix-pierre-castel-2020-les-des-sont-jetes\/\">Prix Pierre Castel 2020 : les d\u00e9s sont jet\u00e9s<\/a><\/p>\n<p>Les deux premi\u00e8res ann\u00e9es les projets financ\u00e9s par ce fonds au Cameroun \u00e9taient des projets d\u2019agriculture. La laur\u00e9ate de l\u2019\u00e9dition 2019 \u00e9tait le Dr Diana Mfondoum, m\u00e9decin-chercheur et sp\u00e9cialiste de coop\u00e9ration internationale, action humanitaire et d\u00e9veloppement durable. Elle a conquis le jury avec son entreprise \u00ab Moringa Compagny \u00bb, sp\u00e9cialis\u00e9e dans la production et la commercialisation du moringa plus pr\u00e9cis\u00e9ment de l\u2019esp\u00e8ce moringa oleifera lam. Ce dernier vise alors \u00e0 r\u00e9soudre la carence en micronutriments essentiels dont souffre la population camerounaise.<\/p>\n<p>Auteur: Amina MALLOUM<br \/>\n<a href=\"https:\/\/ecomatin.net\/la-4e-edition-du-prix-pierre-castel-se-tiendra-du-1er-mars-au-31-mai-2021\/\">Cliquez ici pour lire l&rsquo;article depuis sa source.<\/a><\/p>\n","protected":false},"excerpt":{"rendered":"<p>Voil\u00e0 quatre ans d\u00e9j\u00e0 que le Fonds Pierre Castel promeut l\u2019entrepreneuriat jeune dans les domaines agricoles et agro-alimentaires avec son prix Pierre Castel. Pour cette ann\u00e9e 2021, la p\u00e9riode allant du 1er mars au 31 mai, permettra aux jeunes entrepreneures du Cameroun, du Burkina Faso, de la C\u00f4te d\u2019ivoire et la R\u00e9publique D\u00e9mocratique du Congo [&hellip;]<\/p>\n","protected":false},"author":1969,"featured_media":0,"comment_status":"closed","ping_status":"closed","sticky":false,"template":"","format":"standard","meta":{"fifu_image_url":"","fifu_image_alt":"","footnotes":""},"categories":[82,78],"tags":[],"class_list":["post-111160","post","type-post","status-publish","format-standard","hentry","category-cameroun","category-economie"],"_links":{"self":[{"href":"https:\/\/linitiative.ca\/International\/wp-json\/wp\/v2\/posts\/111160","targetHints":{"allow":["GET"]}}],"collection":[{"href":"https:\/\/linitiative.ca\/International\/wp-json\/wp\/v2\/posts"}],"about":[{"href":"https:\/\/linitiative.ca\/International\/wp-json\/wp\/v2\/types\/post"}],"author":[{"embeddable":true,"href":"https:\/\/linitiative.ca\/International\/wp-json\/wp\/v2\/users\/1969"}],"replies":[{"embeddable":true,"href":"https:\/\/linitiative.ca\/International\/wp-json\/wp\/v2\/comments?post=111160"}],"version-history":[{"count":0,"href":"https:\/\/linitiative.ca\/International\/wp-json\/wp\/v2\/posts\/111160\/revisions"}],"wp:attachment":[{"href":"https:\/\/linitiative.ca\/International\/wp-json\/wp\/v2\/media?parent=111160"}],"wp:term":[{"taxonomy":"category","embeddable":true,"href":"https:\/\/linitiative.ca\/International\/wp-json\/wp\/v2\/categories?post=111160"},{"taxonomy":"post_tag","embeddable":true,"href":"https:\/\/linitiative.ca\/International\/wp-json\/wp\/v2\/tags?post=111160"}],"curies":[{"name":"wp","href":"https:\/\/api.w.org\/{rel}","templated":true}]}}