{"id":111163,"date":"2021-02-13T06:00:54","date_gmt":"2021-02-13T11:00:54","guid":{"rendered":"https:\/\/linitiative.ca\/International\/crime-passionnel-a-marrakech\/"},"modified":"2021-02-13T06:00:54","modified_gmt":"2021-02-13T11:00:54","slug":"crime-passionnel-a-marrakech","status":"publish","type":"post","link":"https:\/\/linitiative.ca\/International\/crime-passionnel-a-marrakech\/","title":{"rendered":"Crime  passionnel  \u00e0 Marrakech"},"content":{"rendered":"<header>\n<\/header>\n<div class=\"entry-content clearfix\" readability=\"56\">\n<figure class=\"post-thumbnail\" itemprop=\"associatedMedia\" itemscope=\"itemscope\" itemtype=\"http:\/\/schema.org\/ImageObject\"><img decoding=\"async\" class=\"post_layout_5_img\" src=\"http:\/\/aujourdhui.ma\/wp-content\/uploads\/2019\/09\/crime-mort.jpg\" alt=\"Crime passionnel \u00e0 Marrakech\"\/><\/figure>\n<p><span class=\"c5\"><strong>Au douar Ben Salek relevant de l\u2019arrondissement de Gueliz, \u00e0 Marrakech, un jeune homme, vingt-deux ans, a tent\u00e9, le soir du mardi 9 f\u00e9vrier, de tuer sa bien-aim\u00e9e.<\/strong><\/span><span id=\"more-368165\"\/><\/p>\n<p>Originaire de Boujdour, cette jeune fille de vingt-trois ans a regagn\u00e9 la cit\u00e9 ocre pour y poursuivre ses \u00e9tudes universitaires \u00e0 la Facult\u00e9 de droit tout en laissant derri\u00e8re elle son ami avec lequel elle entretenait, depuis des ann\u00e9es, une relation amoureuse. Demeurant \u00e0 la m\u00eame ville qu\u2019elle, ce dernier a appris qu\u2019elle entretenait une nouvelle relation amoureuse et qu\u2019elle s\u2019est rendue \u00e0 Marrakech. En \u00e9piant la jeune fille, il l\u2019a remarqu\u00e9e, le soir du mardi, en compagnie de son rival. Perdant tout contr\u00f4le de ses nerfs, il a suivi ses pas et, sans crier gare, lui a ass\u00e9n\u00e9 des coups de couteau au niveau de la nuque avant de prendre la fuite. Gravement bless\u00e9e, elle a \u00e9t\u00e9 \u00e9vacu\u00e9e vers le service des urgences \u00e0 l\u2019h\u00f4pital, tandis que le mis en cause a \u00e9t\u00e9 arr\u00eat\u00e9 vers 1 h du matin du mercredi 10 f\u00e9vrier par les limiers du 7\u00e8me arrondissement.<\/p>\n<\/div>\n<p>Auteur: Abderrafii ALOUMLIKI<br \/>\n<a href=\"https:\/\/aujourdhui.ma\/faits-divers\/crime-passionnel-a-marrakech\">Cliquez ici pour lire l&rsquo;article depuis sa source.<\/a><\/p>\n","protected":false},"excerpt":{"rendered":"<p>Au douar Ben Salek relevant de l\u2019arrondissement de Gueliz, \u00e0 Marrakech, un jeune homme, vingt-deux ans, a tent\u00e9, le soir du mardi 9 f\u00e9vrier, de tuer sa bien-aim\u00e9e. Originaire de Boujdour, cette jeune fille de vingt-trois ans a regagn\u00e9 la cit\u00e9 ocre pour y poursuivre ses \u00e9tudes universitaires \u00e0 la Facult\u00e9 de droit tout en [&hellip;]<\/p>\n","protected":false},"author":1759,"featured_media":0,"comment_status":"closed","ping_status":"closed","sticky":false,"template":"","format":"standard","meta":{"fifu_image_url":"http:\/\/aujourdhui.ma\/wp-content\/uploads\/2019\/09\/crime-mort.jpg","fifu_image_alt":"Crime  passionnel  \u00e0 Marrakech","footnotes":""},"categories":[73,54],"tags":[],"class_list":["post-111163","post","type-post","status-publish","format-standard","hentry","category-actualite","category-maroc"],"_links":{"self":[{"href":"https:\/\/linitiative.ca\/International\/wp-json\/wp\/v2\/posts\/111163","targetHints":{"allow":["GET"]}}],"collection":[{"href":"https:\/\/linitiative.ca\/International\/wp-json\/wp\/v2\/posts"}],"about":[{"href":"https:\/\/linitiative.ca\/International\/wp-json\/wp\/v2\/types\/post"}],"author":[{"embeddable":true,"href":"https:\/\/linitiative.ca\/International\/wp-json\/wp\/v2\/users\/1759"}],"replies":[{"embeddable":true,"href":"https:\/\/linitiative.ca\/International\/wp-json\/wp\/v2\/comments?post=111163"}],"version-history":[{"count":0,"href":"https:\/\/linitiative.ca\/International\/wp-json\/wp\/v2\/posts\/111163\/revisions"}],"wp:attachment":[{"href":"https:\/\/linitiative.ca\/International\/wp-json\/wp\/v2\/media?parent=111163"}],"wp:term":[{"taxonomy":"category","embeddable":true,"href":"https:\/\/linitiative.ca\/International\/wp-json\/wp\/v2\/categories?post=111163"},{"taxonomy":"post_tag","embeddable":true,"href":"https:\/\/linitiative.ca\/International\/wp-json\/wp\/v2\/tags?post=111163"}],"curies":[{"name":"wp","href":"https:\/\/api.w.org\/{rel}","templated":true}]}}