{"id":111165,"date":"2021-02-13T09:58:01","date_gmt":"2021-02-13T14:58:01","guid":{"rendered":"https:\/\/linitiative.ca\/International\/lanme-denonce-le-contenu-immoral-et-condamnable-diffuse-par-la-chaine-algerienne-echourouk\/"},"modified":"2021-02-13T09:58:01","modified_gmt":"2021-02-13T14:58:01","slug":"lanme-denonce-le-contenu-immoral-et-condamnable-diffuse-par-la-chaine-algerienne-echourouk","status":"publish","type":"post","link":"https:\/\/linitiative.ca\/International\/lanme-denonce-le-contenu-immoral-et-condamnable-diffuse-par-la-chaine-algerienne-echourouk\/","title":{"rendered":"L\u2019ANME d\u00e9nonce le contenu \u00ab\u00a0immoral et condamnable\u00a0\u00bb diffus\u00e9 par la chaine alg\u00e9rienne Echourouk"},"content":{"rendered":"<figure class=\"post-thumbnail\" itemprop=\"associatedMedia\" itemscope=\"itemscope\" itemtype=\"http:\/\/schema.org\/ImageObject\"><img decoding=\"async\" class=\"post_layout_5_img\" src=\"http:\/\/aujourdhui.ma\/wp-content\/uploads\/2020\/11\/ANME.jpg\" alt=\"L\u2019ANME d\u00e9nonce le contenu \u00ab\u00a0immoral et condamnable\u00a0\u00bb diffus\u00e9 par la chaine alg\u00e9rienne Echourouk\"\/><\/figure>\n<p><span class=\"c5\"><strong>L\u2019Association nationale des m\u00e9dias et des \u00e9diteurs (ANME) a d\u00e9nonc\u00e9 le contenu \u00ab\u00a0immoral\u00a0\u00bb et \u00ab\u00a0condamnable\u00a0\u00bb diffus\u00e9 par la cha\u00eene officielle alg\u00e9rienne \u00ab\u00a0Echourouk\u00a0\u00bb, portant atteinte aux institutions marocaines, \u00e0 leur t\u00eate l\u2019Institution monarchique.<\/strong><\/span><br \/><span id=\"more-368226\"\/><\/p>\n<p>Dans un communiqu\u00e9, l\u2019Association indique que les directeurs de publication et les chefs d\u2019entreprises m\u00e9diatiques affili\u00e9s \u00e0 l\u2019ANME d\u00e9plorent le niveau bas et immoral atteint par cette cha\u00eene financ\u00e9e par les contribuables alg\u00e9riens en traitant de la personne du Roi, qui jouit du respect et de l\u2019estime au Maroc et ailleurs.<br \/>L\u2019ANME avertit ladite cha\u00eene et l\u2019ensemble des m\u00e9dias officiels en Alg\u00e9rie que les attaques immorales et abjectes \u00e0 l\u2019encontre des institutions marocaines, \u00e0 leur t\u00eate l\u2019Institution monarchique sont des actes condamnables qui n\u2019ont aucun rapport avec la d\u00e9ontologie du m\u00e9tier de journaliste et des m\u00e9dias.<\/p>\n<p>De m\u00eame, l\u2019Association met en garde contre toute persistance dans cette provocation \u201cattentatoire au P\u00e8re de la Nation, Garant de sa stabilit\u00e9 et Protecteur de ses fronti\u00e8res\u201d, souligne le communiqu\u00e9, notant que toute atteinte \u00e0 la personne du Roi est une atteinte \u00e0 tous les Marocains \u00e0 l\u2019int\u00e9rieur du Maroc comme \u00e0 l\u2019ext\u00e9rieur.<br \/>La fonction principale des m\u00e9dias lorsqu\u2019ils abordent les affaires \u00e9trang\u00e8res et les relations avec les voisins est de pr\u00e9senter un contenu pertinent qui sert le rapprochement et la coop\u00e9ration fraternels et, dans les pires des cas, s\u2019abstenir de porter atteinte \u00e0 autrui et de \u00ab\u00a0s\u2019embourber dans le mar\u00e9cage de la bassesse et des insultes\u00a0\u00bb.<\/p>\n<p>Malheureusement, des m\u00e9dias et t\u00e9l\u00e9visions alg\u00e9riens se sont sp\u00e9cialis\u00e9s, des ann\u00e9es durant, dans ce genre de comportements, et leur traitement de tout ce qui concerne le Maroc et ses institutions tente aujourd\u2019hui de se moquer de mani\u00e8re grossi\u00e8re de la personne du Roi, soulignant que cet agissement ne peut pas passer inaper\u00e7u sous le pr\u00e9texte de la libert\u00e9 d\u2019expression qui n\u2019existe m\u00eame pas en Alg\u00e9rie.<br \/>L\u2019Association appelle dans ce contexte tous les m\u00e9dias marocains qu\u2019ils soient publics ou priv\u00e9s \u00e0 continuer \u00e0 d\u00e9fendre l\u2019unit\u00e9 du Royaume et \u00e0 soutenir les institutions du pays, \u00e0 leur t\u00eate l\u2019Institution monarchique, et ce dans sa lutte sacr\u00e9e en faveur du parach\u00e8vement de l\u2019int\u00e9grit\u00e9 territoriale du Royaume.<\/p>\n<p>\u201cCette lutte est la n\u00f4tre tous et nous devons y \u00eatre plus que jamais unis jusqu\u2019\u00e0 la victoire\u201d, souligne l\u2019ANME.<br \/>Elle appelle \u00e9galement les sages de l\u2019Alg\u00e9rie dans le champ m\u00e9diatique \u00e0 condamner ce comportement abject \u00e9manant d\u2019Echourouk et \u00e0 respecter la d\u00e9ontologie du m\u00e9tier du journaliste en traitant des affaires du Maroc, en particulier l\u2019Institution monarchique que les Marocains consid\u00e8rent comme une ligne rouge.<\/p>\n<p>Auteur: ALM<br \/>\n<a href=\"https:\/\/aujourdhui.ma\/actualite\/lanme-denonce-le-contenu-immoral-et-condamnable-diffuse-par-la-chaine-algerienne-echourouk\">Cliquez ici pour lire l&rsquo;article depuis sa source.<\/a><\/p>\n","protected":false},"excerpt":{"rendered":"<p>L\u2019Association nationale des m\u00e9dias et des \u00e9diteurs (ANME) a d\u00e9nonc\u00e9 le contenu \u00ab\u00a0immoral\u00a0\u00bb et \u00ab\u00a0condamnable\u00a0\u00bb diffus\u00e9 par la cha\u00eene officielle alg\u00e9rienne \u00ab\u00a0Echourouk\u00a0\u00bb, portant atteinte aux institutions marocaines, \u00e0 leur t\u00eate l\u2019Institution monarchique. Dans un communiqu\u00e9, l\u2019Association indique que les directeurs de publication et les chefs d\u2019entreprises m\u00e9diatiques affili\u00e9s \u00e0 l\u2019ANME d\u00e9plorent le niveau bas et [&hellip;]<\/p>\n","protected":false},"author":1759,"featured_media":0,"comment_status":"closed","ping_status":"closed","sticky":false,"template":"","format":"standard","meta":{"fifu_image_url":"http:\/\/aujourdhui.ma\/wp-content\/uploads\/2020\/11\/ANME.jpg","fifu_image_alt":"L\u2019ANME d\u00e9nonce le contenu \u00ab\u00a0immoral et condamnable\u00a0\u00bb diffus\u00e9 par la chaine alg\u00e9rienne Echourouk","footnotes":""},"categories":[73,54],"tags":[],"class_list":["post-111165","post","type-post","status-publish","format-standard","hentry","category-actualite","category-maroc"],"_links":{"self":[{"href":"https:\/\/linitiative.ca\/International\/wp-json\/wp\/v2\/posts\/111165","targetHints":{"allow":["GET"]}}],"collection":[{"href":"https:\/\/linitiative.ca\/International\/wp-json\/wp\/v2\/posts"}],"about":[{"href":"https:\/\/linitiative.ca\/International\/wp-json\/wp\/v2\/types\/post"}],"author":[{"embeddable":true,"href":"https:\/\/linitiative.ca\/International\/wp-json\/wp\/v2\/users\/1759"}],"replies":[{"embeddable":true,"href":"https:\/\/linitiative.ca\/International\/wp-json\/wp\/v2\/comments?post=111165"}],"version-history":[{"count":0,"href":"https:\/\/linitiative.ca\/International\/wp-json\/wp\/v2\/posts\/111165\/revisions"}],"wp:attachment":[{"href":"https:\/\/linitiative.ca\/International\/wp-json\/wp\/v2\/media?parent=111165"}],"wp:term":[{"taxonomy":"category","embeddable":true,"href":"https:\/\/linitiative.ca\/International\/wp-json\/wp\/v2\/categories?post=111165"},{"taxonomy":"post_tag","embeddable":true,"href":"https:\/\/linitiative.ca\/International\/wp-json\/wp\/v2\/tags?post=111165"}],"curies":[{"name":"wp","href":"https:\/\/api.w.org\/{rel}","templated":true}]}}