{"id":111167,"date":"2021-02-13T11:43:55","date_gmt":"2021-02-13T16:43:55","guid":{"rendered":"https:\/\/linitiative.ca\/International\/agadir-lancien-siege-de-bank-al-maghrib-converti-en-musee-de-la-memoire-de-la-ville\/"},"modified":"2021-02-13T11:43:55","modified_gmt":"2021-02-13T16:43:55","slug":"agadir-lancien-siege-de-bank-al-maghrib-converti-en-musee-de-la-memoire-de-la-ville","status":"publish","type":"post","link":"https:\/\/linitiative.ca\/International\/agadir-lancien-siege-de-bank-al-maghrib-converti-en-musee-de-la-memoire-de-la-ville\/","title":{"rendered":"Agadir: L\u2019ancien si\u00e8ge de Bank Al-Maghrib converti en Mus\u00e9e de la m\u00e9moire de la ville"},"content":{"rendered":"<figure class=\"post-thumbnail\" itemprop=\"associatedMedia\" itemscope=\"itemscope\" itemtype=\"http:\/\/schema.org\/ImageObject\"><img decoding=\"async\" class=\"post_layout_5_img\" src=\"http:\/\/aujourdhui.ma\/wp-content\/uploads\/2021\/02\/ancien-siege-de-Bank-Al-Maghrib-dagadir.jpg\" alt=\"Agadir: L\u2019ancien si\u00e8ge de Bank Al-Maghrib converti en Mus\u00e9e de la m\u00e9moire de la ville\"\/><\/figure>\n<p><span class=\"c5\"><strong>Le coup d\u2019envoi des travaux de r\u00e9habilitation de l\u2019ancien si\u00e8ge de Bank Al-Maghrib en Mus\u00e9e de la reconstruction et de la m\u00e9moire de la ville d\u2019Agadir a \u00e9t\u00e9 donn\u00e9, vendredi, par le Wali de la r\u00e9gion de Souss-Massa.<\/strong><\/span><\/p>\n<p><span id=\"more-368233\"\/><br \/>S\u2019inscrivant dans le cadre du Programme de d\u00e9veloppement urbain de la ville d\u2019Agadir 2020-2024, ce projet pr\u00e9voit de reconstituer l\u2019ensemble des \u00e9l\u00e9ments architectoniques et le r\u00e9tablissement de la structure int\u00e9rieure du b\u00e2timent, son dessin, ses d\u00e9cors et parures.<br \/>Soixante ans apr\u00e8s le s\u00e9isme et apr\u00e8s la fin de sa p\u00e9riode de reconstruction co\u00efncidant avec l\u2019aboutissement de la mission de haut commissariat \u00e0 la reconstruction en 1974, Agadir a b\u00e9n\u00e9fici\u00e9 de l\u2019impulsion donn\u00e9e aux projets mus\u00e9aux du programme de d\u00e9veloppement urbain de la ville d\u2019Agadir 2020-2024, lanc\u00e9 le 4 f\u00e9vrier 2020 par SM le Roi Mohammed VI.<\/p>\n<p>La reconversion et la r\u00e9habilitation de l\u2019\u00e9difice n\u00e9cessiteront un investissement global de 41,5MDH. Le minist\u00e8re de l\u2019int\u00e9rieur \u00e0 travers la Direction g\u00e9n\u00e9rale des collectivit\u00e9s territoriales (DGCT) contribue \u00e0 la hauteur de 25MDH, le Conseil r\u00e9gional Souss-Massa et Al Omrane Souss-Massa participent respectivement au projet \u00e0 hauteur de 10MDH et 5MDH.<br \/>La commune urbaine investit, pour sa part, 1,5MDH de mani\u00e8re que l\u2019ach\u00e8vement de ce chantier d\u2019envergure est pr\u00e9vu pour le d\u00e9but 2022.<br \/>C\u2019est dans ce cadre que le projet hautement symbolique de cr\u00e9ation du Mus\u00e9e de la reconstruction et de la m\u00e9moire de la ville d\u2019Agadir a vu le jour, rev\u00eatant un r\u00f4le de conservation, de mise en patrimoine et de transmission \u00e0 la post\u00e9rit\u00e9.<\/p>\n<p>Pour sa dimension historique et embl\u00e9matique, le choix du lieu abritant le mus\u00e9e s\u2019est port\u00e9 sur l\u2019ancien si\u00e8ge de bank Al- Maghrib, un b\u00e2timent de 1950 cr\u00e9\u00e9 par l\u2019architecte Fran\u00e7ois Louis Lemari\u00e9 (1902-1996), demeur\u00e9 quasiment intact lors du s\u00e9isme du 29 f\u00e9vrier 1960, gr\u00e2ce \u00e0 des fondations s\u2019apparentant \u00e0 des structures parasismiques. Apr\u00e8s avoir abrit\u00e9 les services de la banque centrale du Maroc dans le pass\u00e9, il sera r\u00e9habilit\u00e9 selon sa typologie initiale, tout en lui donnant une nouvelle vocation mus\u00e9ale.<\/p>\n<p>Le parcours de visite comportera plusieurs sections consacr\u00e9es au choc du s\u00e9isme, \u00e0 la reconstruction et \u00e0 l\u2019urbanisme et l\u2019architecture. Une salle polyvalente sera cr\u00e9\u00e9e pour les divers \u00e9v\u00e9nements organis\u00e9s par le mus\u00e9e et l\u2019acc\u00e8s \u00e0 la terrasse sera am\u00e9nag\u00e9 en caf\u00e9 litt\u00e9raire.<br \/>Mod\u00e8le architectural d\u2019une grande valeur patrimoniale, le Mus\u00e9e de la reconstruction et de la m\u00e9moire d\u2019Agadir deviendra, \u00e0 terme, un monument d\u2019un grand apport culturel qui perp\u00e9tuera un segment de l\u2019histoire de la ville, un lieu de souvenir mettant aussi en exergue le d\u00e9fi relev\u00e9 de la reconstruction d\u2019Agadir.<\/p>\n<p>La c\u00e9r\u00e9monie de lancement de ce projet s\u2019est d\u00e9roul\u00e9e en pr\u00e9sence \u00e9galement, du pr\u00e9sident du Conseil r\u00e9gional Souss-massa, du pr\u00e9sident du Conseil communal d\u2019Agadir et du directeur g\u00e9n\u00e9ral de la Soci\u00e9t\u00e9 Al Omrane Souss-Massa.<\/p>\n<p>Auteur: ALM<br \/>\n<a href=\"https:\/\/aujourdhui.ma\/culture\/agadir-lancien-siege-de-bank-al-maghrib-converti-en-musee-de-la-memoire-de-la-ville\">Cliquez ici pour lire l&rsquo;article depuis sa source.<\/a><\/p>\n","protected":false},"excerpt":{"rendered":"<p>Le coup d\u2019envoi des travaux de r\u00e9habilitation de l\u2019ancien si\u00e8ge de Bank Al-Maghrib en Mus\u00e9e de la reconstruction et de la m\u00e9moire de la ville d\u2019Agadir a \u00e9t\u00e9 donn\u00e9, vendredi, par le Wali de la r\u00e9gion de Souss-Massa. S\u2019inscrivant dans le cadre du Programme de d\u00e9veloppement urbain de la ville d\u2019Agadir 2020-2024, ce projet pr\u00e9voit [&hellip;]<\/p>\n","protected":false},"author":1759,"featured_media":0,"comment_status":"closed","ping_status":"closed","sticky":false,"template":"","format":"standard","meta":{"fifu_image_url":"http:\/\/aujourdhui.ma\/wp-content\/uploads\/2021\/02\/ancien-siege-de-Bank-Al-Maghrib-dagadir.jpg","fifu_image_alt":"Agadir: L\u2019ancien si\u00e8ge de Bank Al-Maghrib converti en Mus\u00e9e de la m\u00e9moire de la ville","footnotes":""},"categories":[73,54],"tags":[],"class_list":["post-111167","post","type-post","status-publish","format-standard","hentry","category-actualite","category-maroc"],"_links":{"self":[{"href":"https:\/\/linitiative.ca\/International\/wp-json\/wp\/v2\/posts\/111167","targetHints":{"allow":["GET"]}}],"collection":[{"href":"https:\/\/linitiative.ca\/International\/wp-json\/wp\/v2\/posts"}],"about":[{"href":"https:\/\/linitiative.ca\/International\/wp-json\/wp\/v2\/types\/post"}],"author":[{"embeddable":true,"href":"https:\/\/linitiative.ca\/International\/wp-json\/wp\/v2\/users\/1759"}],"replies":[{"embeddable":true,"href":"https:\/\/linitiative.ca\/International\/wp-json\/wp\/v2\/comments?post=111167"}],"version-history":[{"count":0,"href":"https:\/\/linitiative.ca\/International\/wp-json\/wp\/v2\/posts\/111167\/revisions"}],"wp:attachment":[{"href":"https:\/\/linitiative.ca\/International\/wp-json\/wp\/v2\/media?parent=111167"}],"wp:term":[{"taxonomy":"category","embeddable":true,"href":"https:\/\/linitiative.ca\/International\/wp-json\/wp\/v2\/categories?post=111167"},{"taxonomy":"post_tag","embeddable":true,"href":"https:\/\/linitiative.ca\/International\/wp-json\/wp\/v2\/tags?post=111167"}],"curies":[{"name":"wp","href":"https:\/\/api.w.org\/{rel}","templated":true}]}}