{"id":111170,"date":"2021-02-13T11:33:54","date_gmt":"2021-02-13T16:33:54","guid":{"rendered":"https:\/\/linitiative.ca\/International\/universites-accord-de-cooperation-international\/"},"modified":"2021-02-13T11:33:54","modified_gmt":"2021-02-13T16:33:54","slug":"universites-accord-de-cooperation-international","status":"publish","type":"post","link":"https:\/\/linitiative.ca\/International\/universites-accord-de-cooperation-international\/","title":{"rendered":"Universit\u00e9s: Accord de coop\u00e9ration international"},"content":{"rendered":"<div readability=\"42\">\n<p>Essaouira -Un accord de coop\u00e9ration internationale portant sur un projet de recherches autour des mutations des normativit\u00e9s dans l\u2019espace m\u00e9diterran\u00e9en a \u00e9t\u00e9 sign\u00e9, vendredi \u00e0 Essaouira, entre l\u2019Universit\u00e9 de Bordeaux, d\u2019une part, et l\u2019Universit\u00e9 Mohammed V de Rabat, \u00ab\u00a0Bayt Dakira\u00a0\u00bb, le Centre d\u2019Etudes et de Recherches sur le Droit h\u00e9bra\u00efque au Maroc et l\u2019Universit\u00e9 Internationale de Rabat (UIR), d\u2019autre part.\u00a0\u00bb<\/p>\n<\/div>\n<div readability=\"97\">\n<p>D\u00e9j\u00e0 paraph\u00e9 par M. Manuel Tunon De Lara, pr\u00e9sident de l\u2019Universit\u00e9 de Bordeaux, cet accord a \u00e9t\u00e9 ainsi sign\u00e9, en marge de la 6\u00e8me Rencontre scientifique organis\u00e9e \u00e0 \u00ab\u00a0Bayt Dakira\u00a0\u00bb sous le th\u00e8me \u00ab\u00a0Quand la diversit\u00e9 marocaine s\u2019invite au c\u0153ur des Humanit\u00e9s\u00a0\u00bb, par MM. Andr\u00e9 Azoulay, Conseiller de SM le Roi, Mohammed Rhachi, pr\u00e9sident de l\u2019Universit\u00e9 Mohammed V de Rabat, Abdellah Ouzitane, pr\u00e9sident du Centre d\u2019Etudes et de Recherches sur le Droit H\u00e9bra\u00efque au Maroc, en attendant sa signature par M. Noureddine Mouaddib, pr\u00e9sident de l\u2019UIR.<\/p>\n<p>Fortes de leurs atouts respectifs, les Parties signataires ont donc d\u00e9fini ensemble un projet de recherches autour des mutations des normativit\u00e9s sociopolitiques, \u00e9conomiques, culturelles, juridiques et socio-\u00e9ducatives dans l\u2019espace m\u00e9diterran\u00e9en.<\/p>\n<p>En vue de sa r\u00e9alisation, des chercheurs bordelais seront re\u00e7us en r\u00e9sidence dans la ville d\u2019Essaouira, o\u00f9 des espaces d\u2019h\u00e9bergement et de travail seront mis \u00e0 leur disposition.<\/p>\n<p>Dans ce cadre privil\u00e9gi\u00e9, ils m\u00e8neront ainsi leurs recherches autour de probl\u00e9matiques innovantes et pluridisciplinaires, aux c\u00f4t\u00e9s de leurs coll\u00e8gues marocains, sachant que le rayonnement de ces travaux sera assur\u00e9 au cours d\u2019\u00e9v\u00e9nements scientifiques organis\u00e9s par lesdites Parties.<\/p>\n<p>Destin\u00e9 \u00e0 faciliter la coop\u00e9ration universitaire en mati\u00e8re de recherche dans les domaines communs de comp\u00e9tences, le pr\u00e9sent accord vise notamment \u00e0 ouvrir la possibilit\u00e9 de la mobilit\u00e9 et de l\u2019accueil des enseignants-chercheurs et chercheurs des Parties \u00e0 \u00ab\u00a0Bayt Dakira\u00a0\u00bb et ce, pour promouvoir l\u2019\u00e9change scientifique dans les domaines de comp\u00e9tences des personnels concern\u00e9s.<\/p>\n<p>En vertu de cet accord, qui entrera en vigueur pour cinq ans \u00e0 compter de la signature de la derni\u00e8re des Parties, les signataires s\u2019efforceront \u00e9galement \u00e0 \u00e9laborer des projets conjoints de recherche, \u00e0 renforcer la participation des enseignants et enseignants-chercheurs \u00e0 des colloques, s\u00e9minaires ou congr\u00e8s, \u00e0 favoriser la mobilit\u00e9 des doctorants et \u00e0 organiser ensemble des colloques, r\u00e9unions et rencontres scientifiques.<\/p>\n<p>Ils s\u2019engagent \u00e9galement \u00e0 s\u2019informer relativement aux congr\u00e8s, colloques, r\u00e9unions scientifiques et s\u00e9minaires qu\u2019ils organisent, \u00e0 \u00e9changer les publications et documents relatifs \u00e0 ces activit\u00e9s ainsi que sur leurs exp\u00e9riences p\u00e9dagogiques (cours et s\u00e9minaires).<\/p>\n<p>La coop\u00e9ration pourra \u00e9ventuellement \u00eatre \u00e9largie \u00e0 des tiers par la conclusion d\u2019un avenant, en accord avec les modalit\u00e9s conjointement d\u00e9finies et accept\u00e9es par les Parties signataires, pr\u00e9cise-t-on dans le document sign\u00e9.<\/p>\n<\/div>\n<p>Auteur: Meriem IGASS<br \/>\n<a href=\"http:\/\/www.mapmarrakech.ma\/fr\/universites-accord-de-cooperation-international\/\">Cliquez ici pour lire l&rsquo;article depuis sa source.<\/a><\/p>\n","protected":false},"excerpt":{"rendered":"<p>Essaouira -Un accord de coop\u00e9ration internationale portant sur un projet de recherches autour des mutations des normativit\u00e9s dans l\u2019espace m\u00e9diterran\u00e9en a \u00e9t\u00e9 sign\u00e9, vendredi \u00e0 Essaouira, entre l\u2019Universit\u00e9 de Bordeaux, d\u2019une part, et l\u2019Universit\u00e9 Mohammed V de Rabat, \u00ab\u00a0Bayt Dakira\u00a0\u00bb, le Centre d\u2019Etudes et de Recherches sur le Droit h\u00e9bra\u00efque au Maroc et l\u2019Universit\u00e9 Internationale [&hellip;]<\/p>\n","protected":false},"author":1788,"featured_media":0,"comment_status":"closed","ping_status":"closed","sticky":false,"template":"","format":"standard","meta":{"fifu_image_url":"","fifu_image_alt":"","footnotes":""},"categories":[54,76],"tags":[],"class_list":["post-111170","post","type-post","status-publish","format-standard","hentry","category-maroc","category-regions"],"_links":{"self":[{"href":"https:\/\/linitiative.ca\/International\/wp-json\/wp\/v2\/posts\/111170","targetHints":{"allow":["GET"]}}],"collection":[{"href":"https:\/\/linitiative.ca\/International\/wp-json\/wp\/v2\/posts"}],"about":[{"href":"https:\/\/linitiative.ca\/International\/wp-json\/wp\/v2\/types\/post"}],"author":[{"embeddable":true,"href":"https:\/\/linitiative.ca\/International\/wp-json\/wp\/v2\/users\/1788"}],"replies":[{"embeddable":true,"href":"https:\/\/linitiative.ca\/International\/wp-json\/wp\/v2\/comments?post=111170"}],"version-history":[{"count":0,"href":"https:\/\/linitiative.ca\/International\/wp-json\/wp\/v2\/posts\/111170\/revisions"}],"wp:attachment":[{"href":"https:\/\/linitiative.ca\/International\/wp-json\/wp\/v2\/media?parent=111170"}],"wp:term":[{"taxonomy":"category","embeddable":true,"href":"https:\/\/linitiative.ca\/International\/wp-json\/wp\/v2\/categories?post=111170"},{"taxonomy":"post_tag","embeddable":true,"href":"https:\/\/linitiative.ca\/International\/wp-json\/wp\/v2\/tags?post=111170"}],"curies":[{"name":"wp","href":"https:\/\/api.w.org\/{rel}","templated":true}]}}