{"id":111174,"date":"2021-02-13T07:48:29","date_gmt":"2021-02-13T12:48:29","guid":{"rendered":"https:\/\/linitiative.ca\/International\/diffusion-de-cours-en-langage-des-signes-sur-laayoune-tv\/"},"modified":"2021-02-13T07:48:29","modified_gmt":"2021-02-13T12:48:29","slug":"diffusion-de-cours-en-langage-des-signes-sur-laayoune-tv","status":"publish","type":"post","link":"https:\/\/linitiative.ca\/International\/diffusion-de-cours-en-langage-des-signes-sur-laayoune-tv\/","title":{"rendered":"Diffusion de cours en langage des signes sur La\u00e2youne TV"},"content":{"rendered":"<p class=\"rtejustify\"><span class=\"c4\">A\u00a0partir de lundi prochain, d<\/span>es cours en langage des signes seront diffus\u00e9s, sur la cha\u00eene TV La\u00e2youne de fa\u00e7on quotidienne, a annonc\u00e9 samedi le minist\u00e8re de l&rsquo;\u00c9ducation nationale, de la formation professionnelle, de l\u2019enseignement sup\u00e9rieur et de la recherche scientifique.<\/p>\n<p class=\"rtejustify\">Ces le\u00e7ons destin\u00e9es aux \u00e9l\u00e8ves de la premi\u00e8re et la deuxi\u00e8me ann\u00e9es du cycle d&rsquo;enseignement primaire souffrant d&rsquo;un handicap auditif, seront diffus\u00e9s de 8H30 \u00e0 9H00 pour la premi\u00e8re ann\u00e9e et de 17H30 \u00e0 18H00 pour la deuxi\u00e8me ann\u00e9e, a pr\u00e9cis\u00e9 le minist\u00e8re. Les ressources p\u00e9dagogiques relatives aux deux niveaux scolaires seront r\u00e9guli\u00e8rement mises en ligne sur le portail officiel du minist\u00e8re <a href=\"http:\/\/www.men.gov.ma\">www.men.gov.ma<\/a> et ses pages officielles sur les r\u00e9seaux sociaux.<\/p>\n<p class=\"rtejustify\">L&rsquo;initiative intervient en application du projet 4 pr\u00e9vu dans la loi-cadre 51-17 relative au syst\u00e8me d\u2019\u00e9ducation, de formation et de recherche scientifique, visant \u00e0 garantir l\u2019acc\u00e8s des enfants en situation de handicap \u00e0 l\u2019\u00e9ducation. Elle s&rsquo;inscrit aussi dans le cadre de la mise en \u0153uvre du Programme national de l&rsquo;\u00e9ducation inclusive au profit des enfants en situation de handicap, lanc\u00e9 le 26 juin 2019.<\/p>\n<p class=\"rtejustify\">\u00a0<\/p>\n<p>Auteur: mbasraoui<br \/>\n<a href=\"https:\/\/www.leconomiste.com\/flash-infos\/diffusion-de-cours-en-langage-des-signes-sur-laayoune-tv\">Cliquez ici pour lire l&rsquo;article depuis sa source.<\/a><\/p>\n","protected":false},"excerpt":{"rendered":"<p>A\u00a0partir de lundi prochain, des cours en langage des signes seront diffus\u00e9s, sur la cha\u00eene TV La\u00e2youne de fa\u00e7on quotidienne, a annonc\u00e9 samedi le minist\u00e8re de l&rsquo;\u00c9ducation nationale, de la formation professionnelle, de l\u2019enseignement sup\u00e9rieur et de la recherche scientifique. Ces le\u00e7ons destin\u00e9es aux \u00e9l\u00e8ves de la premi\u00e8re et la deuxi\u00e8me ann\u00e9es du cycle d&rsquo;enseignement [&hellip;]<\/p>\n","protected":false},"author":1763,"featured_media":0,"comment_status":"closed","ping_status":"closed","sticky":false,"template":"","format":"standard","meta":{"fifu_image_url":"","fifu_image_alt":"","footnotes":""},"categories":[78,54],"tags":[],"class_list":["post-111174","post","type-post","status-publish","format-standard","hentry","category-economie","category-maroc"],"_links":{"self":[{"href":"https:\/\/linitiative.ca\/International\/wp-json\/wp\/v2\/posts\/111174","targetHints":{"allow":["GET"]}}],"collection":[{"href":"https:\/\/linitiative.ca\/International\/wp-json\/wp\/v2\/posts"}],"about":[{"href":"https:\/\/linitiative.ca\/International\/wp-json\/wp\/v2\/types\/post"}],"author":[{"embeddable":true,"href":"https:\/\/linitiative.ca\/International\/wp-json\/wp\/v2\/users\/1763"}],"replies":[{"embeddable":true,"href":"https:\/\/linitiative.ca\/International\/wp-json\/wp\/v2\/comments?post=111174"}],"version-history":[{"count":0,"href":"https:\/\/linitiative.ca\/International\/wp-json\/wp\/v2\/posts\/111174\/revisions"}],"wp:attachment":[{"href":"https:\/\/linitiative.ca\/International\/wp-json\/wp\/v2\/media?parent=111174"}],"wp:term":[{"taxonomy":"category","embeddable":true,"href":"https:\/\/linitiative.ca\/International\/wp-json\/wp\/v2\/categories?post=111174"},{"taxonomy":"post_tag","embeddable":true,"href":"https:\/\/linitiative.ca\/International\/wp-json\/wp\/v2\/tags?post=111174"}],"curies":[{"name":"wp","href":"https:\/\/api.w.org\/{rel}","templated":true}]}}