{"id":111176,"date":"2021-02-13T12:13:44","date_gmt":"2021-02-13T17:13:44","guid":{"rendered":"https:\/\/linitiative.ca\/International\/covid19-479-nouveaux-cas-10-morts-et-1-388-539-vaccines\/"},"modified":"2021-02-13T12:13:44","modified_gmt":"2021-02-13T17:13:44","slug":"covid19-479-nouveaux-cas-10-morts-et-1-388-539-vaccines","status":"publish","type":"post","link":"https:\/\/linitiative.ca\/International\/covid19-479-nouveaux-cas-10-morts-et-1-388-539-vaccines\/","title":{"rendered":"Covid19: 479 nouveaux cas, 10 morts et 1 388 539 vaccin\u00e9s"},"content":{"rendered":"<p class=\"rtejustify\">Le Maroc a enregistr\u00e9 <span class=\"c4\">479\u00a0<\/span>nouveaux cas de Covid19 durant les derni\u00e8res 24 heures, ce qui porte le total \u00e0\u00a0<span class=\"c4\">478 135<\/span> cas confirm\u00e9s, d&rsquo;apr\u00e8s le nouveau bilan du minist\u00e8re de la Sant\u00e9 de ce samedi 13\u00a0f\u00e9vrier 2021. Le nombre de personnes vaccin\u00e9es se chiffre \u00e0 <span class=\"c4\">1 388 539<\/span>, indique \u00e9galement le minist\u00e8re.<\/p>\n<p class=\"rtejustify\">Casablanca-Settat a enregistr\u00e9 <span class=\"c4\">195\u00a0<\/span>nouveaux cas, alors que la r<span class=\"c4\">\u00e9gion de\u00a0Rabat &#8211; Sal\u00e9-Kenitra\u00a0<\/span>en compte <span class=\"c4\">100<\/span>. Au total, <span class=\"c4\">10 958\u00a0<\/span>nouveaux tests ont \u00e9t\u00e9 r\u00e9alis\u00e9s.<\/p>\n<p class=\"rtejustify\">Quant au nombre de d\u00e9c\u00e8s, il s&rsquo;\u00e9tablit \u00e0 <span class=\"c4\">8 460<\/span>, soit <span class=\"c4\">10\u00a0<\/span>morts de plus en 24 heures (taux de l\u00e9talit\u00e9 1,8%), alors que <span class=\"c4\">548\u00a0<\/span>nouvelles gu\u00e9risons ont \u00e9t\u00e9 recens\u00e9es, soit au total <span class=\"c4\">458 504\u00a0<\/span>(taux de gu\u00e9rison 96%).<\/p>\n<p class=\"rtejustify\">Le nombre de cas encore actifs atteint <span class=\"c4\">11 171<\/span>, dont <span class=\"c4\">485\u00a0<\/span>s\u00e9v\u00e8res. Parmi ces derniers,\u00a0 <span class=\"c4\">37\u00a0<\/span>sont sous intubation, alors que sont <span class=\"c4\">268\u00a0<\/span>sous ventilation non invasive.<\/p>\n<p class=\"rtejustify\">Par ailleurs, le taux d&rsquo;occupation des lits d\u00e9di\u00e9s au Covid-19 atteint 15,3%.<\/p>\n<blockquote readability=\"4.75\">\n<p class=\"rtejustify\"><strong><em>Pour plus de d\u00e9tails, voir l&rsquo;\u00e9volution en temps r\u00e9el de l&rsquo;\u00e9pid\u00e9mie sur <a href=\"https:\/\/www.leconomiste.com\/covid19\/\">https:\/\/www.leconomiste.com\/covid19\/<\/a><\/em><\/strong><\/p>\n<\/blockquote>\n<p>Auteur: mbasraoui<br \/>\n<a href=\"https:\/\/www.leconomiste.com\/flash-infos\/covid19-479-nouveaux-cas-10-morts-et-1-388-539-vaccines\">Cliquez ici pour lire l&rsquo;article depuis sa source.<\/a><\/p>\n","protected":false},"excerpt":{"rendered":"<p>Le Maroc a enregistr\u00e9 479\u00a0nouveaux cas de Covid19 durant les derni\u00e8res 24 heures, ce qui porte le total \u00e0\u00a0478 135 cas confirm\u00e9s, d&rsquo;apr\u00e8s le nouveau bilan du minist\u00e8re de la Sant\u00e9 de ce samedi 13\u00a0f\u00e9vrier 2021. Le nombre de personnes vaccin\u00e9es se chiffre \u00e0 1 388 539, indique \u00e9galement le minist\u00e8re. Casablanca-Settat a enregistr\u00e9 195\u00a0nouveaux [&hellip;]<\/p>\n","protected":false},"author":1763,"featured_media":0,"comment_status":"closed","ping_status":"closed","sticky":false,"template":"","format":"standard","meta":{"fifu_image_url":"","fifu_image_alt":"","footnotes":""},"categories":[78,54],"tags":[],"class_list":["post-111176","post","type-post","status-publish","format-standard","hentry","category-economie","category-maroc"],"_links":{"self":[{"href":"https:\/\/linitiative.ca\/International\/wp-json\/wp\/v2\/posts\/111176","targetHints":{"allow":["GET"]}}],"collection":[{"href":"https:\/\/linitiative.ca\/International\/wp-json\/wp\/v2\/posts"}],"about":[{"href":"https:\/\/linitiative.ca\/International\/wp-json\/wp\/v2\/types\/post"}],"author":[{"embeddable":true,"href":"https:\/\/linitiative.ca\/International\/wp-json\/wp\/v2\/users\/1763"}],"replies":[{"embeddable":true,"href":"https:\/\/linitiative.ca\/International\/wp-json\/wp\/v2\/comments?post=111176"}],"version-history":[{"count":0,"href":"https:\/\/linitiative.ca\/International\/wp-json\/wp\/v2\/posts\/111176\/revisions"}],"wp:attachment":[{"href":"https:\/\/linitiative.ca\/International\/wp-json\/wp\/v2\/media?parent=111176"}],"wp:term":[{"taxonomy":"category","embeddable":true,"href":"https:\/\/linitiative.ca\/International\/wp-json\/wp\/v2\/categories?post=111176"},{"taxonomy":"post_tag","embeddable":true,"href":"https:\/\/linitiative.ca\/International\/wp-json\/wp\/v2\/tags?post=111176"}],"curies":[{"name":"wp","href":"https:\/\/api.w.org\/{rel}","templated":true}]}}