{"id":111178,"date":"2021-02-13T10:03:00","date_gmt":"2021-02-13T15:03:00","guid":{"rendered":"https:\/\/linitiative.ca\/International\/expressions-et-hommages\/"},"modified":"2021-02-13T10:03:00","modified_gmt":"2021-02-13T15:03:00","slug":"expressions-et-hommages","status":"publish","type":"post","link":"https:\/\/linitiative.ca\/International\/expressions-et-hommages\/","title":{"rendered":"Expressions et hommages"},"content":{"rendered":"<p class=\"p1 c3\"><span class=\"c2\"><strong>Le Temps-Lotfi BEN KHELIFA <span class=\"Apple-converted-space\">\u00a0<\/span><\/strong><\/span><\/p>\n<p class=\"p1 c3\"><span class=\"c2\"><strong>Une quinzaine d\u2019artistes plasticiens participent actuellement et jusqu\u2019au 14<span class=\"Apple-converted-space\">\u00a0<\/span> f\u00e9vrier \u00e0 une exposition<span class=\"Apple-converted-space\">\u00a0<\/span> de groupe \u00e0 la galerie Essaadi \u00e0 Carthage Hannibal.<span class=\"Apple-converted-space\">\u00a0<\/span> Sous le titre de : \u00ab Small size \u00bb, c\u2019est une rencontre picturale qui propose une diversit\u00e9 de th\u00e8mes sous des petits formats, pour traduire le \u00ab Small size. \u00bb<\/strong><\/span><\/p>\n<p class=\"p1 c4\"><span class=\"c2\">L\u2019affiche de cette exposition annonce la couleur avec des petits c\u0153urs rouges<span class=\"Apple-converted-space\">\u00a0<\/span> dansant tout pr\u00e8s du titre de l\u2019exposition. Car cette derni\u00e8re<span class=\"Apple-converted-space\">\u00a0<\/span> s\u2019ach\u00e8vera le 14 f\u00e9vrier et co\u00efncidera avec le jour m\u00eame de la f\u00eate de la Saint-Valentin, la f\u00eate de l\u2019Amour. De plus, l\u2019exposition rend hommage, \u00e0 travers un tableau, \u00e0 l\u2019artiste plasticien tunisien B\u00e9chir Lakhdhar, disparu en 2016 et qui avait laiss\u00e9 une \u0153uvre immense en peinture, design et architecture. Et en parcourant l\u2019exposition, on s\u2019arr\u00eate devant l\u2019\u0153uvre : \u00ab Les traces \u00bb, de Salem Lahouar. Egalement vid\u00e9aste, il participe pour la premi\u00e8re fois \u00e0 une exposition dans cette galerie. \u00ab Les traces \u00bb traduisent celles de la femme opprim\u00e9e. Quant \u00e0 Aurore Alesoni, elle rend hommage au grand ma\u00eetre Aly Ben Salem avec une<span class=\"Apple-converted-space\">\u00a0<\/span> \u00ab Mona Lisa \u00bb \u00e0 la tunisienne, o\u00f9 l\u2019on retrouve des brins du style de notre peintre. Fatma Madani, disciple d\u2019Adel Megdiche, peint \u00e0 l\u2019acrylique sur toile,<span class=\"Apple-converted-space\">\u00a0<\/span> les quatre saisons, en quatre tableaux. Pour Nadia Chouk, qui y participe pour la premi\u00e8re fois, repr\u00e9sente \u00e0 l\u2019huile sur toile, la rose et la pivoine. Na\u00efm Ameur, l\u2019huile sur toile, peint dans un style figuratif, des cit\u00e9s, comme : La M\u00e9dina, Carthage et Bizerte. Mohamed Ali Essaadi participe avec plus d\u2019une<span class=\"Apple-converted-space\">\u00a0<\/span> photo repr\u00e9sentant entre autres, des c\u00e9ramiques m\u00e9tallis\u00e9es de Kairouan, mais aussi des photos en noir et blanc en argentique. Une occasion pour se rappeler du bon vieux temps de ce proc\u00e9d\u00e9 photographique. Nous retrouvons : \u00ab Le caf\u00e9 des nattes \u00bb, \u00e0 Sidi Bou Sa\u00efd, en 1988, une grande porte, de l\u2019ombre et de la lumi\u00e8re.<span class=\"Apple-converted-space\">\u00a0<\/span> Sylvain Mont\u00e9l\u00e9one y prend part avec : \u00ab Africanitude \u00bb, en technique mixte sur toile et \u00ab Narcisse et Pers\u00e9phone \u00bb, en dessin sur toile pour plonger dans la mythologie grecque. Sonia Ismail nous propose \u00e0 l\u2019huile sur fil d\u2019or des portraits de femmes qui s\u2019appellent : \u00ab Lella Aicha \u00bb, \u00ab Lella Haniya \u00bb et une autre femme qui repr\u00e9sente l\u2019optimisme. Quant \u00e0 Fdhel Gh\u00e9dira, il nous gratifie de natures mortes<span class=\"Apple-converted-space\">\u00a0<\/span> en pastel sur papier arche. Sameh Ben Jaafer rend hommage \u00e0 Gustav Klimt, le peintre symboliste autrichien. Haifa Mediouni expose des bas-reliefs du \u00ab Livre de la pr\u00e9sentation et de la repr\u00e9sentation. \u00bb Une exposition qui m\u00e9rite le d\u00e9tour.<\/span><\/p>\n<p class=\"p1 c3\">\u00a0<\/p>\n<p class=\"p2 c5\"><span class=\"c2\"><strong>L.B.K<\/strong><\/span><\/p>\n<p>Auteur: letemps1<br \/>\n<a href=\"http:\/\/www.letemps.com.tn\/article\/119258\/expressions-et-hommages\">Cliquez ici pour lire l&rsquo;article depuis sa source.<\/a><\/p>\n","protected":false},"excerpt":{"rendered":"<p>Le Temps-Lotfi BEN KHELIFA \u00a0 Une quinzaine d\u2019artistes plasticiens participent actuellement et jusqu\u2019au 14\u00a0 f\u00e9vrier \u00e0 une exposition\u00a0 de groupe \u00e0 la galerie Essaadi \u00e0 Carthage Hannibal.\u00a0 Sous le titre de : \u00ab Small size \u00bb, c\u2019est une rencontre picturale qui propose une diversit\u00e9 de th\u00e8mes sous des petits formats, pour traduire le \u00ab Small [&hellip;]<\/p>\n","protected":false},"author":1773,"featured_media":0,"comment_status":"closed","ping_status":"closed","sticky":false,"template":"","format":"standard","meta":{"fifu_image_url":"","fifu_image_alt":"","footnotes":""},"categories":[73,55],"tags":[],"class_list":["post-111178","post","type-post","status-publish","format-standard","hentry","category-actualite","category-tunisie"],"_links":{"self":[{"href":"https:\/\/linitiative.ca\/International\/wp-json\/wp\/v2\/posts\/111178","targetHints":{"allow":["GET"]}}],"collection":[{"href":"https:\/\/linitiative.ca\/International\/wp-json\/wp\/v2\/posts"}],"about":[{"href":"https:\/\/linitiative.ca\/International\/wp-json\/wp\/v2\/types\/post"}],"author":[{"embeddable":true,"href":"https:\/\/linitiative.ca\/International\/wp-json\/wp\/v2\/users\/1773"}],"replies":[{"embeddable":true,"href":"https:\/\/linitiative.ca\/International\/wp-json\/wp\/v2\/comments?post=111178"}],"version-history":[{"count":0,"href":"https:\/\/linitiative.ca\/International\/wp-json\/wp\/v2\/posts\/111178\/revisions"}],"wp:attachment":[{"href":"https:\/\/linitiative.ca\/International\/wp-json\/wp\/v2\/media?parent=111178"}],"wp:term":[{"taxonomy":"category","embeddable":true,"href":"https:\/\/linitiative.ca\/International\/wp-json\/wp\/v2\/categories?post=111178"},{"taxonomy":"post_tag","embeddable":true,"href":"https:\/\/linitiative.ca\/International\/wp-json\/wp\/v2\/tags?post=111178"}],"curies":[{"name":"wp","href":"https:\/\/api.w.org\/{rel}","templated":true}]}}