{"id":111179,"date":"2021-02-13T10:03:00","date_gmt":"2021-02-13T15:03:00","guid":{"rendered":"https:\/\/linitiative.ca\/International\/lue-demande-aux-etats-daccelerer-les-ratifications-du-financement\/"},"modified":"2021-02-13T10:03:00","modified_gmt":"2021-02-13T15:03:00","slug":"lue-demande-aux-etats-daccelerer-les-ratifications-du-financement","status":"publish","type":"post","link":"https:\/\/linitiative.ca\/International\/lue-demande-aux-etats-daccelerer-les-ratifications-du-financement\/","title":{"rendered":"L&rsquo;UE demande aux Etats  d&rsquo;acc\u00e9l\u00e9rer les ratifications du financement"},"content":{"rendered":"<p class=\"p1 c3\"><span class=\"c2\"><strong>Le Temps- Agences- L&rsquo;UE a appel\u00e9 hier les Etats membres \u00e0 \u00ab\u00a0acc\u00e9l\u00e9rer\u00a0\u00bb les ratifications nationales du m\u00e9canisme permettant de financer le plan de relance massif post-Covid, dont les premiers versements pourraient intervenir \u00ab\u00a0au d\u00e9but de l&rsquo;\u00e9t\u00e9\u00a0\u00bb.<\/strong><\/span><\/p>\n<p class=\"p1 c4\"><span class=\"c2\">Principal pilier du plan de relance \u00ab\u00a0Next Generation EU\u00a0\u00bb, la \u00ab\u00a0facilit\u00e9 pour la reprise et la r\u00e9silience\u00a0\u00bb sous forme de subventions (312,5 milliards d&rsquo;euros) et de pr\u00eats (360 milliards) a \u00e9t\u00e9 ent\u00e9rin\u00e9e formellement hier par les institutions europ\u00e9ennes apr\u00e8s l&rsquo;ultime feu vert des eurod\u00e9put\u00e9s mercredi.<\/span><\/p>\n<p class=\"p1 c4\"><span class=\"c2\">Le plan de relance europ\u00e9en approuv\u00e9 par les Vingt-Sept cet \u00e9t\u00e9, et dot\u00e9 de 750 milliards au total, est financ\u00e9 par un endettement commun in\u00e9dit, mais la d\u00e9cision permettant \u00e0 la Commission europ\u00e9enne d&#8217;emprunter sur les march\u00e9s doit encore faire l&rsquo;objet d&rsquo;une ratification par tous les Etats membres.<\/span><\/p>\n<p class=\"p1 c4\"><span class=\"c2\">A l&rsquo;heure actuelle, seuls six pays, dont la France, ont ratifi\u00e9 cet accord sur les \u00ab\u00a0ressources propres\u00a0\u00bb &#8212; une proc\u00e9dure impliquant selon les pays les parlements nationaux ou r\u00e9gionaux.<\/span><\/p>\n<p class=\"p1 c4\"><span class=\"c2\">\u00ab\u00a0Permettre \u00e0 la Commission de lever de l&rsquo;argent pour investir, c&rsquo;est un acte de sagesse et de confiance (&#8230;) Nous appelons tous les Etats membres \u00e0 ratifier la d\u00e9cision +ressources propres+ aussi vite que possible\u00a0\u00bb, a lanc\u00e9 Ursula von der Leyen, pr\u00e9sidente de l&rsquo;ex\u00e9cutif europ\u00e9en, lors de la c\u00e9r\u00e9monie de signature hier.<\/span><\/p>\n<p class=\"p1 c4\"><span class=\"c2\">\u00ab\u00a0Nous ne pouvons pas attendre. Des engagements ont \u00e9t\u00e9 pris par des gouvernements disposant de majorit\u00e9s parlementaires (&#8230;) Il faut acc\u00e9l\u00e9rer, parce que les entreprises n&rsquo;attendent pas\u00a0\u00bb, a rench\u00e9ri le pr\u00e9sident du Parlement europ\u00e9en, l&rsquo;Italien David Sassoli.<\/span><\/p>\n<p class=\"p1 c4\"><span class=\"c2\">Si le vaccin est \u00ab\u00a0la vitamine pour revigorer nos \u00e9conomies\u00a0\u00bb, \u00ab\u00a0il est essentiel que les Etats acc\u00e9l\u00e8rent la ratification\u00a0\u00bb pour permettre \u00e0 Bruxelles de financer les plans de relance nationaux, a ajout\u00e9 le Premier ministre portugais Antonio Costa, dont le pays occupe la pr\u00e9sidence tournante de l&rsquo;Union.<\/span><\/p>\n<p class=\"p1 c4\"><span class=\"c2\">Chaque Etat est tenu de soumettre d&rsquo;ici fin avril son plan de relance \u00e0 la Commission europ\u00e9enne, qui doit les approuver avant d&rsquo;accorder les financements europ\u00e9ens, en v\u00e9rifiant que les exigences en termes de r\u00e9formes et d&rsquo;investissements environnementaux sont respect\u00e9es.<\/span><\/p>\n<p class=\"p1 c4\"><span class=\"c2\">Mais les gouvernements ont la possibilit\u00e9 de demander un pr\u00e9financement pouvant atteindre 13% pour leurs plans: \u00ab\u00a0Des Etats devraient pouvoir recevoir ce financement d\u00e8s le tout d\u00e9but de l&rsquo;\u00e9t\u00e9\u00a0\u00bb, a pr\u00e9cis\u00e9 M. Costa. \u00ab\u00a0Nous devrions \u00eatre en mesure d&rsquo;effectuer les premiers versement mi-2021\u00a0\u00bb, a confirm\u00e9 Ursula von der Leyen.<\/span><\/p>\n<p class=\"p1 c3\">\u00a0<\/p>\n<p class=\"p1 c4\"><span class=\"c2\">La pr\u00e9sidente de la Commission a par ailleurs rappel\u00e9 l&rsquo;objectif de vacciner 70% de la population adulte de l&rsquo;UE d&rsquo;ici la fin de l&rsquo;\u00e9t\u00e9, c&rsquo;est-\u00e0-dire \u00ab\u00a0le 21 septembre\u00a0\u00bb.<\/span><\/p>\n<p>Auteur: letemps1<br \/>\n<a href=\"http:\/\/www.letemps.com.tn\/article\/119259\/lue-demande-aux-etats-dacc%C3%A9l%C3%A9rer-les-ratifications-du-financement\">Cliquez ici pour lire l&rsquo;article depuis sa source.<\/a><\/p>\n","protected":false},"excerpt":{"rendered":"<p>Le Temps- Agences- L&rsquo;UE a appel\u00e9 hier les Etats membres \u00e0 \u00ab\u00a0acc\u00e9l\u00e9rer\u00a0\u00bb les ratifications nationales du m\u00e9canisme permettant de financer le plan de relance massif post-Covid, dont les premiers versements pourraient intervenir \u00ab\u00a0au d\u00e9but de l&rsquo;\u00e9t\u00e9\u00a0\u00bb. Principal pilier du plan de relance \u00ab\u00a0Next Generation EU\u00a0\u00bb, la \u00ab\u00a0facilit\u00e9 pour la reprise et la r\u00e9silience\u00a0\u00bb sous forme [&hellip;]<\/p>\n","protected":false},"author":1773,"featured_media":0,"comment_status":"closed","ping_status":"closed","sticky":false,"template":"","format":"standard","meta":{"fifu_image_url":"","fifu_image_alt":"","footnotes":""},"categories":[73,55],"tags":[],"class_list":["post-111179","post","type-post","status-publish","format-standard","hentry","category-actualite","category-tunisie"],"_links":{"self":[{"href":"https:\/\/linitiative.ca\/International\/wp-json\/wp\/v2\/posts\/111179","targetHints":{"allow":["GET"]}}],"collection":[{"href":"https:\/\/linitiative.ca\/International\/wp-json\/wp\/v2\/posts"}],"about":[{"href":"https:\/\/linitiative.ca\/International\/wp-json\/wp\/v2\/types\/post"}],"author":[{"embeddable":true,"href":"https:\/\/linitiative.ca\/International\/wp-json\/wp\/v2\/users\/1773"}],"replies":[{"embeddable":true,"href":"https:\/\/linitiative.ca\/International\/wp-json\/wp\/v2\/comments?post=111179"}],"version-history":[{"count":0,"href":"https:\/\/linitiative.ca\/International\/wp-json\/wp\/v2\/posts\/111179\/revisions"}],"wp:attachment":[{"href":"https:\/\/linitiative.ca\/International\/wp-json\/wp\/v2\/media?parent=111179"}],"wp:term":[{"taxonomy":"category","embeddable":true,"href":"https:\/\/linitiative.ca\/International\/wp-json\/wp\/v2\/categories?post=111179"},{"taxonomy":"post_tag","embeddable":true,"href":"https:\/\/linitiative.ca\/International\/wp-json\/wp\/v2\/tags?post=111179"}],"curies":[{"name":"wp","href":"https:\/\/api.w.org\/{rel}","templated":true}]}}