{"id":111181,"date":"2021-02-13T10:03:00","date_gmt":"2021-02-13T15:03:00","guid":{"rendered":"https:\/\/linitiative.ca\/International\/le-passage-oblige-pour-renouveler-la-legitimite\/"},"modified":"2021-02-13T10:03:00","modified_gmt":"2021-02-13T15:03:00","slug":"le-passage-oblige-pour-renouveler-la-legitimite","status":"publish","type":"post","link":"https:\/\/linitiative.ca\/International\/le-passage-oblige-pour-renouveler-la-legitimite\/","title":{"rendered":"Le passage oblig\u00e9  pour renouveler la l\u00e9gitimit\u00e9"},"content":{"rendered":"<p class=\"p1 c3\"><span class=\"c2\"><strong>Le Temps- Agences- L&rsquo;accord entre le Fatah et le Hamas pour la tenue des premi\u00e8res \u00e9lections palestiniennes est un passage oblig\u00e9 afin de relancer les relations avec les Etats-Unis et, \u00e0 terme, des pourparlers avec Isra\u00ebl, estiment des analystes.<\/strong><\/span><\/p>\n<p class=\"p1 c4\"><span class=\"c2\">Apr\u00e8s de nombreux reports et rumeurs, le pr\u00e9sident palestinien Mahmoud Abbas a sign\u00e9 le 15 janvier, quelques jours avant l&rsquo;entr\u00e9e en fonction du nouveau pr\u00e9sident am\u00e9ricain Joe Biden, un d\u00e9cret pour des \u00e9lections l\u00e9gislatives et pr\u00e9sidentielle en mai et en juillet.<\/span><\/p>\n<p class=\"p1 c4\"><span class=\"c2\">Les factions palestiniennes, en premier lieu les t\u00e9nors du Hamas et du Fatah, ont fait un pas vers ces scrutins mardi \u00e0 la faveur d&rsquo;un accord conclu au Caire sur les m\u00e9canismes cruciaux \u00e0 leur tenue. Parmi eux : la mise sur pied d&rsquo;un \u00ab\u00a0tribunal \u00e9lectoral\u00a0\u00bb pour superviser le processus et arbitrer d&rsquo;\u00e9ventuels griefs quant aux r\u00e9sultats.<\/span><\/p>\n<p class=\"p1 c4\"><span class=\"c2\">Il s&rsquo;agit d&rsquo;\u00e9viter le sc\u00e9nario des derni\u00e8res l\u00e9gislatives en 2006, lorsque la contestation des r\u00e9sultats avait entra\u00een\u00e9 des affrontements sanglants entre les deux camps et scind\u00e9 les Territoires palestiniens en deux grandes administrations.<\/span><\/p>\n<p class=\"p1 c4\"><span class=\"c2\">L&rsquo;Autorit\u00e9 palestinienne, contr\u00f4l\u00e9e par le parti la\u00efc Fatah de Mahmoud Abbas, si\u00e8ge en Cisjordanie, occup\u00e9e par Isra\u00ebl depuis 1967. Les islamistes du Hamas d&rsquo;Isma\u00ebl Haniyeh r\u00e8gnent sur la bande de Gaza, territoire sous blocus isra\u00e9lien.<\/span><\/p>\n<p class=\"p1 c4\"><span class=\"c2\">Ces deux voix n&rsquo;ont pas r\u00e9ussi \u00e0 contrecarrer l&rsquo;administration de Donald Trump qui a reconnu Al Qods comme capitale d&rsquo;Isra\u00ebl, plaid\u00e9 pour l&rsquo;annexion de pans de la Cisjordanie et oeuvr\u00e9 \u00e0 la normalisation des relations entre l&rsquo;Etat isra\u00e9lien et plusieurs pays arabes.<\/span><\/p>\n<p class=\"p1 c4\"><span class=\"c2\">Or la victoire de Joe Biden a pouss\u00e9 M. Abbas \u00e0 s&rsquo;engager dans des \u00e9lections et \u00e0 lancer un dialogue \u00ab\u00a0s\u00e9rieux\u00a0\u00bb avec le Hamas, pour renouveler la l\u00e9gitimit\u00e9 des institutions palestiniennes, estime Ashraf Abou al-Houl, sp\u00e9cialiste du dossier palestinien au quotidien \u00e9gyptien al-Ahram.<\/span><\/p>\n<p class=\"p1 c4\"><span class=\"c2\">Les pressions internationales pour relancer des pourparlers de paix entre Palestiniens et Isra\u00e9liens ne se \u00ab\u00a0concr\u00e9tiseront pas sans une unit\u00e9 pr\u00e9alable des Palestiniens\u00a0\u00bb, dit-il, ajoutant que l&rsquo;Egypte et la Jordanie ont multipli\u00e9 les \u00ab\u00a0efforts\u00a0\u00bb pour favoriser le rapprochement Fatah\/Hamas.<\/span><\/p>\n<p class=\"p1 c4\"><span class=\"c2\">D&rsquo;autant que la normalisation des relations entre Isra\u00ebl et des pays arabes ces derniers mois a accentu\u00e9 la pression sur les Palestiniens pour parler d&rsquo;une voix unie, ce qui passe par des \u00e9lections, estime M. Houl.<\/span><\/p>\n<p class=\"p1 c4\"><span class=\"c2\">Apr\u00e8s ces \u00e9lections, les Palestiniens pr\u00e9voient d&rsquo;int\u00e9grer le Hamas au sein de l&rsquo;Organisation de lib\u00e9ration de la Palestine (OLP), structure reconnue par les accords d&rsquo;Oslo comme repr\u00e9sentant officiellement tous les Palestiniens.<\/span><\/p>\n<p class=\"p1 c4\"><span class=\"c2\">\u00ab\u00a0Le Hamas veut \u00eatre un mouvement reconnu internationalement au sein de l&rsquo;OLP et \u00eatre un partenaire de l&rsquo;Autorit\u00e9 palestinienne (&#8230;) car ce n&rsquo;est qu&rsquo;avec l&rsquo;unit\u00e9 que nous pourrons contrecarrer les plans des Isra\u00e9liens\u00a0\u00bb, a indiqu\u00e9 \u00e0 un haut responsable du Hamas.<\/span><\/p>\n<p class=\"p1 c4\"><span class=\"c2\">Pour Mohamed Masharqa, directeur du Centre pour le progr\u00e8s arabe, un institut d&rsquo;analyse bas\u00e9 \u00e0 Londres, le Hamas n&rsquo;a pas d&rsquo;autre option que des \u00e9lections pour \u00eatre \u00ab\u00a0reconnu autrement que comme une organisation terroriste\u00a0\u00bb.<\/span><\/p>\n<p class=\"p1 c4\"><span class=\"c2\">\u00ab\u00a0Les deux camps sentent bien que leur l\u00e9gitimit\u00e9 est en jeu. Ils ont donc besoin d&rsquo;\u00e9lections pour la renouveler mais elles accoucheront encore d&rsquo;un pouvoir bic\u00e9phale, entre Gaza et Ramallah\u00a0\u00bb, ville-si\u00e8ge de l&rsquo;Autorit\u00e9 palestinienne en Cisjordanie, estime l&rsquo;analyste Abdel Salam Aqal.<\/span><\/p>\n<p class=\"p1 c4\"><span class=\"c2\">Selon lui, la r\u00e9conciliation Hamas\/Fatah est cruciale pour le succ\u00e8s \u00e9lectoral du parti mais aussi celle au sein m\u00eame du Fatah, entre le camp du pr\u00e9sident Abbas et celui du frondeur Mohammed Dahlane, exil\u00e9 aux Emirats arabes unis.<\/span><\/p>\n<p class=\"p1 c4\"><span class=\"c2\">Et les analystes rivalisent de sc\u00e9narios concernant les listes \u00e9lectorales.<\/span><\/p>\n<p class=\"p1 c3\">\u00a0<\/p>\n<p class=\"p1 c4\"><span class=\"c2\">Le Hamas et le Fatah pr\u00e9senteront ils une liste commune ? M. Dahlane reviendra-t-il dans les bonnes gr\u00e2ces du Fatah ? Fera-t-il liste commune avec Marwan Barghouthi, le plus populaire chez les Palestiniens selon les sondages mais \u00e9crou\u00e9 en Isra\u00ebl pour meurtres ? Ce dernier a re\u00e7u la visite en prison du ministre palestinien des Affaires civiles Hussein al-Cheikh.<span class=\"Apple-converted-space\">\u00a0<\/span><\/span><\/p>\n<p>Auteur: letemps1<br \/>\n<a href=\"http:\/\/www.letemps.com.tn\/article\/119261\/le-passage-oblig%C3%A9-pour-renouveler-la-l%C3%A9gitimit%C3%A9\">Cliquez ici pour lire l&rsquo;article depuis sa source.<\/a><\/p>\n","protected":false},"excerpt":{"rendered":"<p>Le Temps- Agences- L&rsquo;accord entre le Fatah et le Hamas pour la tenue des premi\u00e8res \u00e9lections palestiniennes est un passage oblig\u00e9 afin de relancer les relations avec les Etats-Unis et, \u00e0 terme, des pourparlers avec Isra\u00ebl, estiment des analystes. Apr\u00e8s de nombreux reports et rumeurs, le pr\u00e9sident palestinien Mahmoud Abbas a sign\u00e9 le 15 janvier, [&hellip;]<\/p>\n","protected":false},"author":1773,"featured_media":0,"comment_status":"closed","ping_status":"closed","sticky":false,"template":"","format":"standard","meta":{"fifu_image_url":"","fifu_image_alt":"","footnotes":""},"categories":[73,55],"tags":[],"class_list":["post-111181","post","type-post","status-publish","format-standard","hentry","category-actualite","category-tunisie"],"_links":{"self":[{"href":"https:\/\/linitiative.ca\/International\/wp-json\/wp\/v2\/posts\/111181","targetHints":{"allow":["GET"]}}],"collection":[{"href":"https:\/\/linitiative.ca\/International\/wp-json\/wp\/v2\/posts"}],"about":[{"href":"https:\/\/linitiative.ca\/International\/wp-json\/wp\/v2\/types\/post"}],"author":[{"embeddable":true,"href":"https:\/\/linitiative.ca\/International\/wp-json\/wp\/v2\/users\/1773"}],"replies":[{"embeddable":true,"href":"https:\/\/linitiative.ca\/International\/wp-json\/wp\/v2\/comments?post=111181"}],"version-history":[{"count":0,"href":"https:\/\/linitiative.ca\/International\/wp-json\/wp\/v2\/posts\/111181\/revisions"}],"wp:attachment":[{"href":"https:\/\/linitiative.ca\/International\/wp-json\/wp\/v2\/media?parent=111181"}],"wp:term":[{"taxonomy":"category","embeddable":true,"href":"https:\/\/linitiative.ca\/International\/wp-json\/wp\/v2\/categories?post=111181"},{"taxonomy":"post_tag","embeddable":true,"href":"https:\/\/linitiative.ca\/International\/wp-json\/wp\/v2\/tags?post=111181"}],"curies":[{"name":"wp","href":"https:\/\/api.w.org\/{rel}","templated":true}]}}