{"id":111188,"date":"2021-02-13T06:00:00","date_gmt":"2021-02-13T11:00:00","guid":{"rendered":"https:\/\/linitiative.ca\/International\/dr-ridha-kechrid-moncer-rouissi-le-ministre-atypique-album-photos\/"},"modified":"2021-02-13T06:00:00","modified_gmt":"2021-02-13T11:00:00","slug":"dr-ridha-kechrid-moncer-rouissi-le-ministre-atypique-album-photos","status":"publish","type":"post","link":"https:\/\/linitiative.ca\/International\/dr-ridha-kechrid-moncer-rouissi-le-ministre-atypique-album-photos\/","title":{"rendered":"Dr Ridha Kechrid: Moncer Rouissi, le ministre atypique (Album photos)"},"content":{"rendered":"<p><strong><img decoding=\"async\" src=\"\/uploads\/FCK_files\/Ridha-Kechrid.jpg\" width=\"15%\" vspace=\"5\" hspace=\"5\" align=\"right\" alt=\"\"\/>Il nous a quitt\u00e9 en laissant l\u2019image ind\u00e9l\u00e9bile d\u2019un ministre atypique, une personnalit\u00e9 exigeante, attachante, un homme engag\u00e9, chaleureux, profond\u00e9ment honn\u00eate qui a consacr\u00e9 toute son \u00e9nergie au service des autres. Il est toujours p\u00e9nible d\u2019avoir \u00e0 parler d\u2019un homme d\u2019Etat de la stature de Moncer Rouissi, qu\u2019on vient de perdre pour toujours, apr\u00e8s avoir eu, durant plus de trente ans, le privil\u00e8ge de le c\u00f4toyer d\u2019abord comme collaborateur puis comme ami.<br \/><\/strong><\/p>\n<p><strong>J\u2019ai connu Si Moncer au minist\u00e8re des Affaires sociales, il m\u2019avait impressionn\u00e9 par son charisme, ses qualit\u00e9s de meneur d\u2019hommes, de leader qui savait mettre \u00e0 l\u2019aise son entourage et le poussait \u00e0 se surpasser.<\/strong><\/p>\n<p>Avec le d\u00e9c\u00e8s de Si Moncer, le pays perd un de ses enfants les plus valeureux: une personnalit\u00e9 acad\u00e9mique et politique de premier plan, issu d\u2019une famille patriote militante.<\/p>\n<p>Tous ceux qui l\u2019ont c\u00f4toy\u00e9 saluent son humanisme et sa comp\u00e9tence. Le ministre qu\u2019on appelait affectueusement Si Moncer \u00e9tait beaucoup plus un meneur d\u2019hommes qui savait d\u00e9l\u00e9guer et laisser \u00e0 ses collaborateurs une bonne marge de man\u0153uvre.<\/p>\n<p>Je peux t\u00e9moigner des principales actions et r\u00e9alisations enregistr\u00e9es au cours de son passage \u00e0 la t\u00eate du minist\u00e8re des Affaires sociales :<\/p>\n<p class=\"c4\"><span class=\"c3\"><strong>\u2022<\/strong><\/span> Suivi p\u00e9riodique et rigoureux des \u00e9quilibres financiers des caisses de s\u00e9curit\u00e9 sociale avec la participation d\u2019\u00e9conomistes et d\u2019experts universitaires ind\u00e9pendants.<br \/>-Elaboration d\u2019un programme de mise \u00e0 niveau et de renforcement des structures hospitali\u00e8res publiques: acquisition d\u2019\u00e9quipements lourds (IRM, scanners performants, \u00e9quipements de chirurgie cardiovasculaire et de r\u00e9animation, stages de perfectionnement \u00e0 l\u2019\u00e9tranger au profit des personnels m\u00e9dical et param\u00e9dical\u2026). Ce programme avait fait l\u2019objet d\u2019un protocole d\u2019accord conclu entre feu Dali Jazi (Sant\u00e9) et feu Moncer Rouissi, son financement \u00e9tant assur\u00e9 par les caisses de s\u00e9curit\u00e9 sociale. Pour Si Moncer, l\u2019objectif primordial \u00e9tait de r\u00e9duire de mani\u00e8re significative le recours aux soins \u00e0 l\u2019\u00e9tranger.<\/p>\n<p class=\"c4\"><span class=\"c3\"><strong>\u2022<\/strong><\/span> Avec les partenaires sociaux: normalisation des relations avec l\u2019Ugtt; renforcement et rationalisation de la politique contractuelle instaur\u00e9e depuis 1973. Les n\u00e9gociations sociales sont devenues p\u00e9riodiques, tous les 3 ans, depuis 1990. Ces rounds de n\u00e9gociations ont abouti \u00e0 l\u2019am\u00e9lioration des conditions de travail et \u00e0 des augmentations de salaires, sous forme de programmes triennaux.<\/p>\n<p class=\"c4\"><span class=\"c3\"><strong>\u2022<\/strong><\/span> En vertu d\u2019un accord conclu entre les ministres feu Mohamed Charfi et feu Moncer Rouissi: financement par\u00a0 la Cnss, dans le cadre de son action sociale, d\u2019un programme d\u2019activit\u00e9s culturelles destin\u00e9 aux \u00e9l\u00e8ves et aux \u00e9tudiants. Ce programme \u00e9manait d\u2019une conviction profonde des deux ministres que la multiplication, tout au long du parcours scolaire et universitaire, des moments de contact avec l\u2019art et la culture, contribue \u00e0 la formation de citoyens \u00e9panouis ouverts sur le monde, disposant de comp\u00e9tences utiles pour eux-m\u00eames et la soci\u00e9t\u00e9.<\/p>\n<p class=\"c4\"><span class=\"c3\"><strong>\u2022<\/strong><\/span> Cr\u00e9ation du Centre de recherches, d\u2019\u00e9tudes, de documentation et d\u2019information sur la femme (Credif) dont l\u2019action vise \u00e0 promouvoir les droits des femmes et soutenir leur pr\u00e9sence dans la vie politique, \u00e9conomique, sociale et culturelle, ainsi que d\u2019instaurer l\u2019\u00e9galit\u00e9 des chances entre les femmes et les hommes dans tous les domaines.<\/p>\n<p class=\"c4\"><span class=\"c3\"><strong>\u2022<\/strong><\/span> Transfert des services m\u00e9dicaux du travail du minist\u00e8re de la Sant\u00e9 au minist\u00e8re des Affaires sociales et cr\u00e9ation de l\u2019Institut de sant\u00e9 et de s\u00e9curit\u00e9 au travail dont la principale mission consiste \u00e0 promouvoir la sant\u00e9 et la s\u00e9curit\u00e9 sur les lieux du travail et \u00e0 contribuer \u00e0 l\u2019\u00e9laboration de programmes de pr\u00e9vention des risques professionnels.<\/p>\n<p class=\"c4\"><span class=\"c3\"><strong>\u2022<\/strong><\/span> Elaboration d\u2019un programme concernant les personnes handicap\u00e9es comportant des mesures destin\u00e9es \u00e0 assurer la pr\u00e9vention de l\u2019incapacit\u00e9, la r\u00e9adaptation et la participation des handicap\u00e9s \u00e0 la vie sociale.<\/p>\n<p class=\"c4\"><span class=\"c3\"><strong>\u2022<\/strong><\/span> Restructuration et renforcement de l\u2019Institut de promotion des handicap\u00e9s.<\/p>\n<p class=\"c4\"><span class=\"c3\"><strong>\u2022<\/strong><\/span> Plusieurs acquis au profit des familles n\u00e9cessiteuses, des enfants sans soutien, des personnes \u00e2g\u00e9es<\/p>\n<p class=\"c4\"><span class=\"c3\"><strong>\u2022<\/strong><\/span> D\u00e9marrage de la construction du Centre de protection des personnes \u00e2g\u00e9es de La Manouba, qui a \u00e9t\u00e9 con\u00e7u comme une structure pilote.<\/p>\n<p class=\"c4\"><span class=\"c3\"><strong>\u2022<\/strong><\/span> Renforcement des prestations octroy\u00e9es par les policliniques de la Cnss en les dotant chacune d\u2019un centre d\u2019h\u00e9modialyse.<\/p>\n<p>Tous les cadres du d\u00e9partement des Affaires sociales se souviennent des moments forts\u00a0 v\u00e9cus aux c\u00f4t\u00e9s d\u2019un ministre exceptionnel qui a laiss\u00e9 une empreinte ind\u00e9l\u00e9bile. C\u2019\u00e9tait un travailleur obstin\u00e9, m\u00e9thodique et extr\u00eamement appliqu\u00e9, mais aussi un chef tr\u00e8s attentionn\u00e9 avec ses collaborateurs.<\/p>\n<p>Apr\u00e8s son d\u00e9part du minist\u00e8re des Affaires sociales, mes relations avec Si Moncer se sont poursuivies, dans le cadre de rencontres p\u00e9riodiques, rassemblant un groupe d\u2019amis fid\u00e8les, issus d\u2019horizons divers. C\u2019\u00e9tait l\u2019occasion d\u2019appr\u00e9cier les qualit\u00e9s de l\u2019homme : humble, affable et convivial, il avait le sens de l\u2019\u00e9coute et de la communication, et s\u2019exprimait pos\u00e9ment avec une capacit\u00e9 de synth\u00e8se impressionnante et un go\u00fbt prononc\u00e9 pour l\u2019analyse fine et rigoureuse.<\/p>\n<p>Aux postes de responsabilit\u00e9 successifs, Si Moncer devait parfois op\u00e9rer des choix difficiles, affrontant les quelques critiques par la persuasion; mais parfois il eut \u00e0 essuyer le choc des vacheries et des coups bas qu\u2019il traita toujours avec m\u00e9pris en disant: \u00abl\u2019auteur d\u2019un coup bas est quelqu\u2019un qui n\u2019a rien \u00e0 dire \u00bb.<\/p>\n<p>Si Moncer, par ton itin\u00e9raire brillant et ton engagement en tant que chercheur, expert international et homme d\u2019Etat d\u00e9vou\u00e9, tu n\u2019as laiss\u00e9 que les meilleures appr\u00e9ciations et de bons souvenirs.<\/p>\n<p>Nous avons toujours admir\u00e9 ton patriotisme, ton sens du devoir et de la responsabilit\u00e9 et surtout ton amabilit\u00e9 et ton d\u00e9vouement.<\/p>\n<p>Plus qu\u2019un ministre, Si Moncer \u00e9tait pour moi le fr\u00e8re a\u00een\u00e9 respect\u00e9 aupr\u00e8s de qui j\u2019ai toujours trouv\u00e9 la bonne \u00e9coute, le conseil judicieux et le r\u00e9confort lors des moments difficiles. Son d\u00e9c\u00e8s est une perte cruelle non seulement pour sa famille mais \u00e9galement pour ses amis et toutes les personnes qui l\u2019ont c\u00f4toy\u00e9.<\/p>\n<p>Si Moncer laisse derri\u00e8re lui le riche bilan d\u2019une vie bien remplie, au service de la Tunisie.<\/p>\n<p>Adieu Si Moncer. Adieu l\u2019homme affable, l\u2019intellectuel, l\u2019esprit libre. Ta vaste culture, tes analyses pertinentes de l\u2019actualit\u00e9 vont nous manquer. Cher Si Moncer, permets-nous\u00a0 de te rendre cet hommage digne du grand homme que tu \u00e9tais.Tu nous manques beaucoup. Nous ne t\u2019oublierons jamais.<\/p>\n<p>Condol\u00e9ances les plus attrist\u00e9es \u00e0 toute la famille Rouissi, \u00e0 ta ch\u00e8re \u00e9pouse Hayet, ton valeureux fils Anis, ta belle-fille Myriam et tes deux adorables petites-filles ; avec mes meilleurs sentiments de sympathie et de soutien au cours de cette dure \u00e9preuve.<\/p>\n<p>Que ton \u00e2me repose en paix.<\/p>\n<p class=\"c5\"><strong>Dr Ridha Kechrid<\/strong><\/p>\n<p class=\"c7\"><span class=\"c6\"><em>Photos de l&rsquo;album: Collection famille Mahrez Rouissi<\/em><\/span><\/p>\n<p>Auteur:<br \/>\n<a href=\"https:\/\/www.leaders.com.tn\/article\/31424-dr-ridha-kechrid-moncer-rouissi-le-ministre-atypique\">Cliquez ici pour lire l&rsquo;article depuis sa source.<\/a><\/p>\n","protected":false},"excerpt":{"rendered":"<p>Il nous a quitt\u00e9 en laissant l\u2019image ind\u00e9l\u00e9bile d\u2019un ministre atypique, une personnalit\u00e9 exigeante, attachante, un homme engag\u00e9, chaleureux, profond\u00e9ment honn\u00eate qui a consacr\u00e9 toute son \u00e9nergie au service des autres. Il est toujours p\u00e9nible d\u2019avoir \u00e0 parler d\u2019un homme d\u2019Etat de la stature de Moncer Rouissi, qu\u2019on vient de perdre pour toujours, apr\u00e8s avoir [&hellip;]<\/p>\n","protected":false},"author":1772,"featured_media":0,"comment_status":"closed","ping_status":"closed","sticky":false,"template":"","format":"standard","meta":{"fifu_image_url":"\/uploads\/FCK_files\/Ridha-Kechrid.jpg","fifu_image_alt":"Dr Ridha Kechrid: Moncer Rouissi, le ministre atypique (Album photos)","footnotes":""},"categories":[73,55],"tags":[],"class_list":["post-111188","post","type-post","status-publish","format-standard","hentry","category-actualite","category-tunisie"],"_links":{"self":[{"href":"https:\/\/linitiative.ca\/International\/wp-json\/wp\/v2\/posts\/111188","targetHints":{"allow":["GET"]}}],"collection":[{"href":"https:\/\/linitiative.ca\/International\/wp-json\/wp\/v2\/posts"}],"about":[{"href":"https:\/\/linitiative.ca\/International\/wp-json\/wp\/v2\/types\/post"}],"author":[{"embeddable":true,"href":"https:\/\/linitiative.ca\/International\/wp-json\/wp\/v2\/users\/1772"}],"replies":[{"embeddable":true,"href":"https:\/\/linitiative.ca\/International\/wp-json\/wp\/v2\/comments?post=111188"}],"version-history":[{"count":0,"href":"https:\/\/linitiative.ca\/International\/wp-json\/wp\/v2\/posts\/111188\/revisions"}],"wp:attachment":[{"href":"https:\/\/linitiative.ca\/International\/wp-json\/wp\/v2\/media?parent=111188"}],"wp:term":[{"taxonomy":"category","embeddable":true,"href":"https:\/\/linitiative.ca\/International\/wp-json\/wp\/v2\/categories?post=111188"},{"taxonomy":"post_tag","embeddable":true,"href":"https:\/\/linitiative.ca\/International\/wp-json\/wp\/v2\/tags?post=111188"}],"curies":[{"name":"wp","href":"https:\/\/api.w.org\/{rel}","templated":true}]}}