{"id":111189,"date":"2021-02-13T07:40:00","date_gmt":"2021-02-13T12:40:00","guid":{"rendered":"https:\/\/linitiative.ca\/International\/mohamed-adel-chehida-linstabilite-politique-litalie-dans-les-pas-de-la-tunisie\/"},"modified":"2021-02-13T07:40:00","modified_gmt":"2021-02-13T12:40:00","slug":"mohamed-adel-chehida-linstabilite-politique-litalie-dans-les-pas-de-la-tunisie","status":"publish","type":"post","link":"https:\/\/linitiative.ca\/International\/mohamed-adel-chehida-linstabilite-politique-litalie-dans-les-pas-de-la-tunisie\/","title":{"rendered":"Mohamed Adel Chehida &#8211; L&rsquo;instabilit\u00e9  politique, l&rsquo;Italie dans les pas de la Tunisie"},"content":{"rendered":"<p><img decoding=\"async\" src=\"\/uploads\/FCK_files\/Chehida.jpg\" alt=\"\" width=\"20%\" vspace=\"5\" hspace=\"5\" align=\"left\"\/>On assiste de l\u2019\u00e9tranger \u00e0 un sombre sc\u00e9nario politique tunisien o\u00f9 trois grandes institutions de la deuxi\u00e8me r\u00e9publique se d\u00e9chirent pendant que notre pays affronte une pand\u00e9mie mortelle, qui a mis \u00e0 genoux, les plus grandes puissances mondiales.<\/p>\n<p>Les repr\u00e9sentants du peuple se donnent en spectacle sous la coupole du Bardo alors qu\u2019une pand\u00e9mie est en train d\u2019\u00e9largir les \u00e9carts entre riches et pauvres, menace les libert\u00e9s individuelles et met \u00e0 mal les valeurs d\u2019\u00e9quit\u00e9 et de justice sociales d\u00e9j\u00e0 moribondes.<\/p>\n<p>Que faire en tant que simple citoyen si ce n\u2019est chercher de survivre ?<\/p>\n<p>La Tunisie a un syst\u00e8me politique similaire \u00e0 celui de l\u2019Italie, exception faite de la chambre du Senat. L\u2019Italie a v\u00e9cu ces derni\u00e8res semaines une crise politique ouverte. Une figure de haut niveau professionnel, en l\u2019occurrence, Mr Mario Draghi a \u00e9t\u00e9 d\u00e9sign\u00e9e par le pr\u00e9sident de la r\u00e9publique, Mr Sergio Marttarella, pour former un gouvernement. Il a r\u00e9ussi son pari. Super Mario comme il est appel\u00e9, vient de r\u00e9ussir un exploit en composant un gouvernement politique o\u00f9 toutes les tendances sont repr\u00e9sent\u00e9es. L\u2019int\u00e9r\u00eat sup\u00e9rieur du pays a pr\u00e9valu.<br \/>Revenons un peu en arri\u00e8re. En Italie ces derni\u00e8res ann\u00e9es un mouvement populiste a \u00e9t\u00e9 cr\u00e9\u00e9 par le com\u00e9dien comique Grillo sur des th\u00e8mes antisyst\u00e8mes, anti-europ\u00e9ens, contre l\u2019euro et slogan ramasse tout, la lutte contre la corruption notamment celle des hauts responsables, il a appel\u00e9 son groupe \u00ab Mouvements 5 Etoiles \u00bb.\u00a0<\/p>\n<p>Ce qui s\u2019est pass\u00e9 en Italie pourrait nous \u00e9clairer. Revenons quelques mois en arri\u00e8re. L\u2019avocat Giuseppe Conte avait gagn\u00e9 les \u00e9lections et comme le pr\u00e9voit la constitution, il a \u00e9t\u00e9 charg\u00e9 de former un gouvernement. Le parti de droite Lega nord accepte d\u2019en faire partie. Surprenant tous les acteurs politiques, Giuseppe Conte propose le minist\u00e8re des finances \u00e0 un certain Paolo Savona, un anti europ\u00e9iste et anti euro ! Le pr\u00e9sident de la r\u00e9publique, Mattarella, s\u2019y oppose cat\u00e9goriquement et il a \u00e9t\u00e9 entendu.<\/p>\n<p>Le gouvernement Conte 1 a eu une vie tr\u00e8s courte, en 2019 le leader de droite Salvini a voulu prendre la main pour conduire lui-m\u00eame le gouvernement. Il a provoqu\u00e9 une crise politique mais sa man\u0153uvre n\u2019a pas march\u00e9 et la gauche s\u2019est unie imm\u00e9diatement au mouvement populiste, M5 Etoiles, pour constituer le gouvernement Conte ! Pourtant, pourtant tous les regards \u00e9taient d\u00e9j\u00e0 \u00e0 l\u2019\u00e9poque dirig\u00e9s vers Berlin o\u00f9 r\u00e9sidait Mario Draghi, qui \u00e9tait encore pour deux mois seulement pr\u00e9sident de la Banque Centrale Europ\u00e9enne. Le psychodrame politique s\u2019est d\u00e9roul\u00e9 dans le strict respect de la gestion par la pr\u00e9sidence de la r\u00e9publique et le respect du sens de l\u2019Etat.<\/p>\n<p>R\u00e9cemment, suite aux d\u00e9saccords multiples au sein de la coalition concernant la gestion des fonds d\u2019aides fournis par l\u2019Europe (200 milliards d\u2019euros) pour l\u2019Italie durant la pand\u00e9mie le parti de Matteo Renzi (Italia Viva) retire ses ministres et provoque la \u00e9ni\u00e8me crise politique malgr\u00e9 tous les appels \u00e0 la raison.\u00a0 M. Conte a essay\u00e9 en vain, apr\u00e8s quelques tentatives, de reformer une nouvelle majorit\u00e9 parlementaire, il finira de pr\u00e9senter sa d\u00e9mission au pr\u00e9sident Mattarella qui nomme Mario Draghi en un temps record expliquant directement et avec toute transparence \u00e0 ses concitoyens l\u2019urgence et la gravit\u00e9 du moment, en insistant sur la n\u00e9cessit\u00e9 d\u2019une coh\u00e9sion de la stabilit\u00e9 politique et le fonctionnement des institutions.<\/p>\n<p>Ce que j\u2019ai d\u00e9crit d\u2019une mani\u00e8re succincte et sans entrer dans les interpr\u00e9tations et les enjeux n\u2019est pas id\u00e9al, mais \u00e0 aucun moment les citoyens n\u2019ont eu \u00e0 assister \u00e0 des querelles ou accusations au sommet de l\u2019\u00c9tat, Les th\u00e9ories complotistes, les ragots de plateaux t\u00e9l\u00e9vis\u00e9s \u00e0 la recherche d\u2019annonceurs publicitaires, les \u00ab magouilles en chambres noires \u00bb n\u2019ont pas parasit\u00e9 le sommet de l\u2019\u00c9tat.<\/p>\n<p>Le respect et la confiance dans et entre les institutions sont des piliers pour le fonctionnement des rouages de l\u2019\u00e9tat. La simple interpr\u00e9tation de la constitution garantit \u00e0 elle seule la survie d\u2019une nation et son unit\u00e9. Notre d\u00e9mocratie naissante est loin d\u2019\u00eatre parfaite et en 10 ans nous n\u2019avons pas r\u00e9ussi \u00e0 mettre en place des gardes fous, d\u2019o\u00f9 la lassitude des citoyens et le d\u00e9senchantement des classes pauvres et moyennes. Le sens de l\u2019\u00c9tat n\u2019est pas int\u00e9gr\u00e9 par nos \u00e9lus. Le 4eme pouvoir ne joue pas son r\u00f4le d\u2019\u00e9claireur de l\u2019opinion publique. Le 5eme pouvoir, les r\u00e9seaux sociaux, tel un cheval fou manipule \u00e0 tout va, l\u2019opinion devient une v\u00e9rit\u00e9, les versions les plus folles, le d\u00e9nigrement, les vid\u00e9os ridicules portent des coups \u00e0 la cr\u00e9dibilit\u00e9 de ce qui a \u00e9t\u00e9 fait. L\u2019amateurisme, l\u2019inexp\u00e9rience ne disculpent pas les responsables.<\/p>\n<p>D\u2019o\u00f9 mon appel au sens de responsabilit\u00e9 et au patriotisme, laissez de c\u00f4t\u00e9 votre ego Mesdames et Messieurs, l\u2019Histoire est votre seul juge.<br \/>\u00a0<\/p>\n<p class=\"c2\"><strong>Dr Mohamed Adel Chehida<\/strong><br \/>\u00a0<\/p>\n<p>Auteur:<br \/>\n<a href=\"https:\/\/www.leaders.com.tn\/article\/31428-mohamed-adel-chehida-crises-politiques-en-tunisie-similitudes-italiennes-le-sens-de-l-etat\">Cliquez ici pour lire l&rsquo;article depuis sa source.<\/a><\/p>\n","protected":false},"excerpt":{"rendered":"<p>On assiste de l\u2019\u00e9tranger \u00e0 un sombre sc\u00e9nario politique tunisien o\u00f9 trois grandes institutions de la deuxi\u00e8me r\u00e9publique se d\u00e9chirent pendant que notre pays affronte une pand\u00e9mie mortelle, qui a mis \u00e0 genoux, les plus grandes puissances mondiales. Les repr\u00e9sentants du peuple se donnent en spectacle sous la coupole du Bardo alors qu\u2019une pand\u00e9mie est [&hellip;]<\/p>\n","protected":false},"author":1772,"featured_media":0,"comment_status":"closed","ping_status":"closed","sticky":false,"template":"","format":"standard","meta":{"fifu_image_url":"\/uploads\/FCK_files\/Chehida.jpg","fifu_image_alt":"<div>Mohamed Adel Chehida - L'instabilit\u00e9  politique, l'Italie dans les pas de la Tunisie<\/div>","footnotes":""},"categories":[73,55],"tags":[],"class_list":["post-111189","post","type-post","status-publish","format-standard","hentry","category-actualite","category-tunisie"],"_links":{"self":[{"href":"https:\/\/linitiative.ca\/International\/wp-json\/wp\/v2\/posts\/111189","targetHints":{"allow":["GET"]}}],"collection":[{"href":"https:\/\/linitiative.ca\/International\/wp-json\/wp\/v2\/posts"}],"about":[{"href":"https:\/\/linitiative.ca\/International\/wp-json\/wp\/v2\/types\/post"}],"author":[{"embeddable":true,"href":"https:\/\/linitiative.ca\/International\/wp-json\/wp\/v2\/users\/1772"}],"replies":[{"embeddable":true,"href":"https:\/\/linitiative.ca\/International\/wp-json\/wp\/v2\/comments?post=111189"}],"version-history":[{"count":0,"href":"https:\/\/linitiative.ca\/International\/wp-json\/wp\/v2\/posts\/111189\/revisions"}],"wp:attachment":[{"href":"https:\/\/linitiative.ca\/International\/wp-json\/wp\/v2\/media?parent=111189"}],"wp:term":[{"taxonomy":"category","embeddable":true,"href":"https:\/\/linitiative.ca\/International\/wp-json\/wp\/v2\/categories?post=111189"},{"taxonomy":"post_tag","embeddable":true,"href":"https:\/\/linitiative.ca\/International\/wp-json\/wp\/v2\/tags?post=111189"}],"curies":[{"name":"wp","href":"https:\/\/api.w.org\/{rel}","templated":true}]}}