{"id":111190,"date":"2021-02-13T05:00:00","date_gmt":"2021-02-13T10:00:00","guid":{"rendered":"https:\/\/linitiative.ca\/International\/les-instructions-de-ouadjaout\/"},"modified":"2021-02-13T05:00:00","modified_gmt":"2021-02-13T10:00:00","slug":"les-instructions-de-ouadjaout","status":"publish","type":"post","link":"https:\/\/linitiative.ca\/International\/les-instructions-de-ouadjaout\/","title":{"rendered":"Les instructions de Ouadjaout"},"content":{"rendered":"<p>Le minist\u00e8re de l&rsquo;Education nationale a adress\u00e9 \u00e0 l\u2019ensemble des Directions de l&rsquo;\u00e9ducation une instruction dans laquelle il rappelle la n\u00e9cessit\u00e9 de respecter le calendrier \u00e9tabli pour les compositions du premier trimestre devant obligatoirement commencer dans tous les \u00e9tablissements scolaires le 28 f\u00e9vrier prochain. Le d\u00e9partement de Ouadjaout a fix\u00e9 une dur\u00e9e d\u2019une heure et demie d&rsquo;examen pour les mati\u00e8res essentielles, et seulement une heure pour les mati\u00e8res dites non essentielles.<\/p>\n<p>Auteur:<br \/>\n<a href=\"https:\/\/www.lesoirdalgerie.com\/periscoop\/les-instructions-de-ouadjaout-56230\">Cliquez ici pour lire l&rsquo;article depuis sa source.<\/a><\/p>\n","protected":false},"excerpt":{"rendered":"<p>Le minist\u00e8re de l&rsquo;Education nationale a adress\u00e9 \u00e0 l\u2019ensemble des Directions de l&rsquo;\u00e9ducation une instruction dans laquelle il rappelle la n\u00e9cessit\u00e9 de respecter le calendrier \u00e9tabli pour les compositions du premier trimestre devant obligatoirement commencer dans tous les \u00e9tablissements scolaires le 28 f\u00e9vrier prochain. Le d\u00e9partement de Ouadjaout a fix\u00e9 une dur\u00e9e d\u2019une heure et [&hellip;]<\/p>\n","protected":false},"author":1741,"featured_media":0,"comment_status":"closed","ping_status":"closed","sticky":false,"template":"","format":"standard","meta":{"fifu_image_url":"","fifu_image_alt":"","footnotes":""},"categories":[73,53],"tags":[],"class_list":["post-111190","post","type-post","status-publish","format-standard","hentry","category-actualite","category-algerie"],"_links":{"self":[{"href":"https:\/\/linitiative.ca\/International\/wp-json\/wp\/v2\/posts\/111190","targetHints":{"allow":["GET"]}}],"collection":[{"href":"https:\/\/linitiative.ca\/International\/wp-json\/wp\/v2\/posts"}],"about":[{"href":"https:\/\/linitiative.ca\/International\/wp-json\/wp\/v2\/types\/post"}],"author":[{"embeddable":true,"href":"https:\/\/linitiative.ca\/International\/wp-json\/wp\/v2\/users\/1741"}],"replies":[{"embeddable":true,"href":"https:\/\/linitiative.ca\/International\/wp-json\/wp\/v2\/comments?post=111190"}],"version-history":[{"count":0,"href":"https:\/\/linitiative.ca\/International\/wp-json\/wp\/v2\/posts\/111190\/revisions"}],"wp:attachment":[{"href":"https:\/\/linitiative.ca\/International\/wp-json\/wp\/v2\/media?parent=111190"}],"wp:term":[{"taxonomy":"category","embeddable":true,"href":"https:\/\/linitiative.ca\/International\/wp-json\/wp\/v2\/categories?post=111190"},{"taxonomy":"post_tag","embeddable":true,"href":"https:\/\/linitiative.ca\/International\/wp-json\/wp\/v2\/tags?post=111190"}],"curies":[{"name":"wp","href":"https:\/\/api.w.org\/{rel}","templated":true}]}}