{"id":111192,"date":"2021-02-13T05:00:00","date_gmt":"2021-02-13T10:00:00","guid":{"rendered":"https:\/\/linitiative.ca\/International\/ammar-saadani-sinstalle-au-portugal\/"},"modified":"2021-02-13T05:00:00","modified_gmt":"2021-02-13T10:00:00","slug":"ammar-saadani-sinstalle-au-portugal","status":"publish","type":"post","link":"https:\/\/linitiative.ca\/International\/ammar-saadani-sinstalle-au-portugal\/","title":{"rendered":"Ammar Sa\u00e2dani s\u2019installe au Portugal"},"content":{"rendered":"<p>L\u2019ancien pr\u00e9sident de l\u2019APN et ancien secr\u00e9taire g\u00e9n\u00e9ral du parti FLN, Ammar Sa\u00e2dani, aurait vendu son appartement \u00e0 Paris o\u00f9 une forte communaut\u00e9 alg\u00e9rienne est pr\u00e9sente. Selon une source au sein du parti, il se serait install\u00e9 au Portugal, pour se mettre loin des regards et du \u00abbruit\u00bb.<\/p>\n<p>Auteur:<br \/>\n<a href=\"https:\/\/www.lesoirdalgerie.com\/periscoop\/ammar-saadani-sinstalle-au-portugal-56228\">Cliquez ici pour lire l&rsquo;article depuis sa source.<\/a><\/p>\n","protected":false},"excerpt":{"rendered":"<p>L\u2019ancien pr\u00e9sident de l\u2019APN et ancien secr\u00e9taire g\u00e9n\u00e9ral du parti FLN, Ammar Sa\u00e2dani, aurait vendu son appartement \u00e0 Paris o\u00f9 une forte communaut\u00e9 alg\u00e9rienne est pr\u00e9sente. Selon une source au sein du parti, il se serait install\u00e9 au Portugal, pour se mettre loin des regards et du \u00abbruit\u00bb. Auteur: Cliquez ici pour lire l&rsquo;article depuis [&hellip;]<\/p>\n","protected":false},"author":1741,"featured_media":0,"comment_status":"closed","ping_status":"closed","sticky":false,"template":"","format":"standard","meta":{"fifu_image_url":"","fifu_image_alt":"","footnotes":""},"categories":[73,53],"tags":[],"class_list":["post-111192","post","type-post","status-publish","format-standard","hentry","category-actualite","category-algerie"],"_links":{"self":[{"href":"https:\/\/linitiative.ca\/International\/wp-json\/wp\/v2\/posts\/111192","targetHints":{"allow":["GET"]}}],"collection":[{"href":"https:\/\/linitiative.ca\/International\/wp-json\/wp\/v2\/posts"}],"about":[{"href":"https:\/\/linitiative.ca\/International\/wp-json\/wp\/v2\/types\/post"}],"author":[{"embeddable":true,"href":"https:\/\/linitiative.ca\/International\/wp-json\/wp\/v2\/users\/1741"}],"replies":[{"embeddable":true,"href":"https:\/\/linitiative.ca\/International\/wp-json\/wp\/v2\/comments?post=111192"}],"version-history":[{"count":0,"href":"https:\/\/linitiative.ca\/International\/wp-json\/wp\/v2\/posts\/111192\/revisions"}],"wp:attachment":[{"href":"https:\/\/linitiative.ca\/International\/wp-json\/wp\/v2\/media?parent=111192"}],"wp:term":[{"taxonomy":"category","embeddable":true,"href":"https:\/\/linitiative.ca\/International\/wp-json\/wp\/v2\/categories?post=111192"},{"taxonomy":"post_tag","embeddable":true,"href":"https:\/\/linitiative.ca\/International\/wp-json\/wp\/v2\/tags?post=111192"}],"curies":[{"name":"wp","href":"https:\/\/api.w.org\/{rel}","templated":true}]}}