{"id":111193,"date":"2021-02-13T05:00:00","date_gmt":"2021-02-13T10:00:00","guid":{"rendered":"https:\/\/linitiative.ca\/International\/entre-silences-et-aveux-compromettants\/"},"modified":"2021-02-13T05:00:00","modified_gmt":"2021-02-13T10:00:00","slug":"entre-silences-et-aveux-compromettants","status":"publish","type":"post","link":"https:\/\/linitiative.ca\/International\/entre-silences-et-aveux-compromettants\/","title":{"rendered":"Entre silences et aveux compromettants !"},"content":{"rendered":"<p class=\"c2\">J\u2019ignorais qu\u2019exprimer ses opinions pouvait menacer l\u2019int\u00e9grit\u00e9 d\u2019un pays. Tout le monde sait que non. Mais il y a ceux qui font comme si l\u2019Etat alg\u00e9rien \u00e9tait \u00e0 tel point fragile que remettre en cause un mode de gouvernance d\u00e9cid\u00e9 par lui l\u2019enverrait fatalement droit dans le mur. Ce qui justifierait la condamnation de toute personne, qu\u2019il penserait dangereuse pour sa stabilit\u00e9, \u00e0 la prison \u00e0 perp\u00e9tuit\u00e9. C\u2019est effrayant de penser qu\u2019un tribunal peut faire enfermer un jeune de 24 ans jusqu\u2019\u00e0 la fin de ses jours ! Quelle id\u00e9ologie d\u00e9fend-on lorsque l\u2019on r\u00e9prime aussi s\u00e9v\u00e8rement ou que, lors d\u2019une garde \u00e0 vue, par exemple, on viole et torture sauvagement\u00a0 un \u00e9tudiant qui s\u2019ouvre \u00e0 la r\u00e9flexion, refuse la vie qu\u2019on lui propose, dit son opposition au syst\u00e8me en place et sa sympathie ou son appartenance \u00e0 un mouvement autonomiste ? Je ne reviendrai pas sur le MAK, ses militants ou la cause qu\u2019il d\u00e9fend et mon opinion \u00e0 l\u2019\u00e9gard de ceux qui appellent \u00e0 fractionner mon pays dont je d\u00e9fends l\u2019unit\u00e9 absolue, sans jamais lui contester sa multi-culturalit\u00e9. Je ne partage certainement pas leurs ambitions, mais je ne leur dresserai pas une potence pour autant.\u00a0<br \/>En mettant en sc\u00e8ne une justice qui sanctionne et une autre qui contredit la sentence, on pense, de la sorte, pouvoir se dispenser d\u2019\u00e9couter la rue, interdire l\u2019expression d\u2019un quelconque m\u00e9contentement, obliger \u00e0 prendre ses distances avec la contestation de rue et surtout renoncer au tapage m\u00e9diatique. Penser, en usant de s\u00e9vices, faire aussi passer l\u2019envie de renouer avec les slogans hostiles ou d\u2019inspirer d\u2019autres revendications. Il y aurait pourtant l\u00e0 tous les ingr\u00e9dients pour ranimer des frustrations \u00e0 peine d\u00e9plac\u00e9es.\u00a0<br \/>\u00c0 une r\u00e9cente \u00e9poque, on a tol\u00e9r\u00e9, tout en grima\u00e7ant, des centaines de protestations \u00e9parses et surtout spontan\u00e9es engendr\u00e9es par une col\u00e8re que l\u2019on pensait savoir encadrer.\u00a0 Aujourd\u2019hui, il n\u2019est plus question de laisser quiconque aller dehors exiger une \u00e9mancipation ou une promotion sociale, prohib\u00e9es, sous pr\u00e9texte de menaces ext\u00e9rieures sur le pays ou d\u2019une pand\u00e9mie qui impose de remettre aux calendes grecques des manifestations de rue \u00e0 l\u2019aff\u00fbt !\u00a0<br \/><em><strong>M. B.<\/strong><\/em><\/p>\n<p>Auteur:<br \/>\n<a href=\"https:\/\/www.lesoirdalgerie.com\/soit-dit-en-passant\/entre-silences-et-aveux-compromettants-56227\">Cliquez ici pour lire l&rsquo;article depuis sa source.<\/a><\/p>\n","protected":false},"excerpt":{"rendered":"<p>J\u2019ignorais qu\u2019exprimer ses opinions pouvait menacer l\u2019int\u00e9grit\u00e9 d\u2019un pays. Tout le monde sait que non. Mais il y a ceux qui font comme si l\u2019Etat alg\u00e9rien \u00e9tait \u00e0 tel point fragile que remettre en cause un mode de gouvernance d\u00e9cid\u00e9 par lui l\u2019enverrait fatalement droit dans le mur. Ce qui justifierait la condamnation de toute [&hellip;]<\/p>\n","protected":false},"author":1741,"featured_media":0,"comment_status":"closed","ping_status":"closed","sticky":false,"template":"","format":"standard","meta":{"fifu_image_url":"","fifu_image_alt":"","footnotes":""},"categories":[73,53],"tags":[],"class_list":["post-111193","post","type-post","status-publish","format-standard","hentry","category-actualite","category-algerie"],"_links":{"self":[{"href":"https:\/\/linitiative.ca\/International\/wp-json\/wp\/v2\/posts\/111193","targetHints":{"allow":["GET"]}}],"collection":[{"href":"https:\/\/linitiative.ca\/International\/wp-json\/wp\/v2\/posts"}],"about":[{"href":"https:\/\/linitiative.ca\/International\/wp-json\/wp\/v2\/types\/post"}],"author":[{"embeddable":true,"href":"https:\/\/linitiative.ca\/International\/wp-json\/wp\/v2\/users\/1741"}],"replies":[{"embeddable":true,"href":"https:\/\/linitiative.ca\/International\/wp-json\/wp\/v2\/comments?post=111193"}],"version-history":[{"count":0,"href":"https:\/\/linitiative.ca\/International\/wp-json\/wp\/v2\/posts\/111193\/revisions"}],"wp:attachment":[{"href":"https:\/\/linitiative.ca\/International\/wp-json\/wp\/v2\/media?parent=111193"}],"wp:term":[{"taxonomy":"category","embeddable":true,"href":"https:\/\/linitiative.ca\/International\/wp-json\/wp\/v2\/categories?post=111193"},{"taxonomy":"post_tag","embeddable":true,"href":"https:\/\/linitiative.ca\/International\/wp-json\/wp\/v2\/tags?post=111193"}],"curies":[{"name":"wp","href":"https:\/\/api.w.org\/{rel}","templated":true}]}}