{"id":111194,"date":"2021-02-13T05:00:00","date_gmt":"2021-02-13T10:00:00","guid":{"rendered":"https:\/\/linitiative.ca\/International\/attentat-contre-le-soir-dalgerie-de-1996\/"},"modified":"2021-02-13T05:00:00","modified_gmt":"2021-02-13T10:00:00","slug":"attentat-contre-le-soir-dalgerie-de-1996","status":"publish","type":"post","link":"https:\/\/linitiative.ca\/International\/attentat-contre-le-soir-dalgerie-de-1996\/","title":{"rendered":"Attentat contre Le Soir d&rsquo;Alg\u00e9rie de 1996"},"content":{"rendered":"<p class=\"c2\">Poignant, le r\u00e9cit fait par les survivants, dont Na\u00efma Yachir, de l&rsquo;attentat qui a frapp\u00e9 Le Soir d&rsquo;Alg\u00e9rie le 11 f\u00e9vrier 1996. Souvenirs de la douleur et de la perte, celle de coll\u00e8gues et amis, mais aussi de la confiance en ceux qui demandent la r\u00e9conciliation. Se r\u00e9concilier comme \u00e7a avec les fauteurs de tels carnages et qui plus est par d\u00e9cret ? \u00c7a donne un pays qui cherche encore l&rsquo;apaisement !\u00a0<br \/><em><strong>A. T.<\/strong><\/em><\/p>\n<p>Auteur:<br \/>\n<a href=\"https:\/\/www.lesoirdalgerie.com\/digoutage\/attentat-contre-le-soir-dalgerie-de-1996-56226\">Cliquez ici pour lire l&rsquo;article depuis sa source.<\/a><\/p>\n","protected":false},"excerpt":{"rendered":"<p>Poignant, le r\u00e9cit fait par les survivants, dont Na\u00efma Yachir, de l&rsquo;attentat qui a frapp\u00e9 Le Soir d&rsquo;Alg\u00e9rie le 11 f\u00e9vrier 1996. Souvenirs de la douleur et de la perte, celle de coll\u00e8gues et amis, mais aussi de la confiance en ceux qui demandent la r\u00e9conciliation. Se r\u00e9concilier comme \u00e7a avec les fauteurs de tels [&hellip;]<\/p>\n","protected":false},"author":1741,"featured_media":0,"comment_status":"closed","ping_status":"closed","sticky":false,"template":"","format":"standard","meta":{"fifu_image_url":"","fifu_image_alt":"","footnotes":""},"categories":[73,53],"tags":[],"class_list":["post-111194","post","type-post","status-publish","format-standard","hentry","category-actualite","category-algerie"],"_links":{"self":[{"href":"https:\/\/linitiative.ca\/International\/wp-json\/wp\/v2\/posts\/111194","targetHints":{"allow":["GET"]}}],"collection":[{"href":"https:\/\/linitiative.ca\/International\/wp-json\/wp\/v2\/posts"}],"about":[{"href":"https:\/\/linitiative.ca\/International\/wp-json\/wp\/v2\/types\/post"}],"author":[{"embeddable":true,"href":"https:\/\/linitiative.ca\/International\/wp-json\/wp\/v2\/users\/1741"}],"replies":[{"embeddable":true,"href":"https:\/\/linitiative.ca\/International\/wp-json\/wp\/v2\/comments?post=111194"}],"version-history":[{"count":0,"href":"https:\/\/linitiative.ca\/International\/wp-json\/wp\/v2\/posts\/111194\/revisions"}],"wp:attachment":[{"href":"https:\/\/linitiative.ca\/International\/wp-json\/wp\/v2\/media?parent=111194"}],"wp:term":[{"taxonomy":"category","embeddable":true,"href":"https:\/\/linitiative.ca\/International\/wp-json\/wp\/v2\/categories?post=111194"},{"taxonomy":"post_tag","embeddable":true,"href":"https:\/\/linitiative.ca\/International\/wp-json\/wp\/v2\/tags?post=111194"}],"curies":[{"name":"wp","href":"https:\/\/api.w.org\/{rel}","templated":true}]}}