{"id":111198,"date":"2021-02-13T16:13:53","date_gmt":"2021-02-13T21:13:53","guid":{"rendered":"https:\/\/linitiative.ca\/International\/tunisie-ghannouchi-nen-a-plus-pour-longtemps-reste-a-savoir-comment-il-voudra-partir\/"},"modified":"2021-02-13T16:13:53","modified_gmt":"2021-02-13T21:13:53","slug":"tunisie-ghannouchi-nen-a-plus-pour-longtemps-reste-a-savoir-comment-il-voudra-partir","status":"publish","type":"post","link":"https:\/\/linitiative.ca\/International\/tunisie-ghannouchi-nen-a-plus-pour-longtemps-reste-a-savoir-comment-il-voudra-partir\/","title":{"rendered":"Tunisie \u2013 Ghannouchi n\u2019en a plus pour longtemps\u2026 Reste \u00e0 savoir comment il voudra partir"},"content":{"rendered":"<div class=\"post-cont-in left relative\">\n<div id=\"post-info-wrap\" class=\"left relative post-info-out\">\n<div class=\"post-info-img left relative\"><img loading=\"lazy\" decoding=\"async\" alt=\"\" src=\"https:\/\/secure.gravatar.com\/avatar\/9f10b5e5a102bf8cc0ebfb84f5ab5652?s=50&amp;d=mm&amp;r=g\" srcset=\"https:\/\/secure.gravatar.com\/avatar\/9f10b5e5a102bf8cc0ebfb84f5ab5652?s=100&amp;d=mm&amp;r=g 2x\" class=\"avatar avatar-50 photo\" height=\"50\" width=\"50\"\/><\/div>\n<div class=\"post-info-in\">\n<div class=\"post-info-right left relative post-info-name left relative\"><span><span class=\"post-info-text\">Par<\/span> <span class=\"author-name vcard fn author\"><a href=\"https:\/\/www.tunisienumerique.com\/author\/ramsis\/\" title=\"Articles par Ramsis\" rel=\"author\">Ramsis<\/a><\/span><\/span> <span class=\"post-date updated\"><time class=\"post-date updated\" datetime=\"2021-02-13\">\u00a0| Il y a 1 heure<\/time><\/span><br \/>\n<meta itemprop=\"dateModified\" content=\"2021-02-13\"\/><\/div>\n<div class=\"left relative\"><button id=\"listenButton1\" class=\"responsivevoice-button\" type=\"button\" value=\"Play\" title=\"\u00c9coutez l'article\"><span>\ud83d\udd0a \u00c9coutez l&rsquo;article<\/span><\/button>\n<\/div>\n<\/div>\n<\/div>\n<p>Rien ne va plus pour Rached Ghannouchi, le pr\u00e9sident historique des islamistes et de l\u2019ARP. Il est, pour le moment, en train d\u2019accuser les coups de butoir qui le d\u00e9sar\u00e7onnent de tous bords. Mais jusqu\u2019\u00e0 quant va-t-il pouvoir tenir\u00a0?<\/p>\n<div class=\"code-block code-block-1 c4\">\n <ins class=\"adsbygoogle c3\" data-ad-layout=\"in-article\" data-ad-format=\"fluid\" data-ad-client=\"ca-pub-2102118777505746\" data-ad-slot=\"7301775417\"\/>\n<\/div>\n<p>Tous les observateurs, y compris ceux qui sont proches de lui et qui font partie de sa confr\u00e9rie, sont d\u2019accord pour dire qu\u2019il n\u2019en a plus pour longtemps. Ghannouchi a, en effet, r\u00e9ussi l\u2019exploit de se faire d\u00e9tester par tout le monde, y compris dans les rangs de son parti. On lui met, volontiers, sur le dos, probablement \u00e0 raison, tous les probl\u00e8mes du pays. On le consid\u00e8re \u00e0 l\u2019origine de toutes les tensions qui secouent la sc\u00e8ne politique du pays. Il s\u2019est mis sur le dos le pr\u00e9sident de la R\u00e9publique. Il s\u2019est, en quelque sorte, laiss\u00e9 d\u00e9vorer par la hargne d\u2019Abir Moussi. A ce propos, ses disciples lui reprochent d\u2019avoir \u00e9t\u00e9 \u00e0 l\u2019origine du succ\u00e8s \u00e9poustouflant d\u2019Abir Moussi et du retour en puissance des destouriens. Ceci, sans oublier, bien entendu sa sempiternelle querelle avec la gauche du pays.<\/p>\n<p>Du coup, m\u00eame ses partisans en sont venus \u00e0 lui demander de d\u00e9missionner. Car ce choix constituerait un moindre mal, puisqu\u2019ils le donnent fini, de toutes les fa\u00e7ons. Et une d\u00e9mission permettrait d\u2019assurer le relais, alors que s\u2019il se faisait d\u00e9boulonner par une motion de censure, il en serait totalement diff\u00e9rent. Et il donnerait, alors l\u2019opportunit\u00e9 \u00e0 certaines parties politiques de surfer sur la vague que suscitera son d\u00e9part de cette mani\u00e8re. Ce qui ne favoriserait nullement l\u2019apaisement des tensions qu\u2019il aura suscit\u00e9 ne serait-ce que par sa pr\u00e9sence. Or, ceux qui, de plus en plus nombreux, souhaitent son d\u00e9part, esp\u00e8rent, surtout, que cela apaiserait les tensions qui \u00e9touffent le pays \u00e0 tous les niveaux.<\/p>\n<p>Reste, donc, \u00e0 savoir si Ghannouchi va partir avec les honneurs, si on peut le dire, en d\u00e9missionnant, ou s\u2019il va se faire \u00e9jecter par une motion de censure. Et dans ce cas, il doit, certainement, savoir que les 109 signatures qui permettront de le mettre \u00e0 la porte sont d\u00e9j\u00e0 collect\u00e9es, et les jeux sont faits. Puisqu\u2019\u00e0 l\u2019ARP, il est devenu ind\u00e9sirable, pour toutes les raisons qu\u2019on vient d\u2019\u00e9num\u00e9rer, ce qui fait que nombreux de ses soutiens sous le d\u00f4me ont annonc\u00e9 qu\u2019ils pr\u00e9f\u00e9raient qu\u2019il s\u2019en aille, et qu\u2019ils pr\u00e9f\u00e8rent qu\u2019il d\u00e9missionne, pour qu\u2019ils puissent, au moins, mieux ma\u00eetriser ce qui va suivre\u00a0!<\/p>\n<div class=\"swp_social_panel swp_horizontal_panel swp_flat_fresh swp_default_full_color swp_individual_full_color swp_other_full_color scale-100 scale-\" data-min-width=\"1100\" data-float-color=\"#ffffff\" data-float=\"bottom\" data-float-mobile=\"bottom\" data-transition=\"slide\">\n<div class=\"nc_tweetContainer swp_share_button total_shares total_sharesalt\"><span class=\"swp_count\">73 <span class=\"swp_label\">Partages<\/span><\/span><\/div>\n<\/div>\n<p><strong>Que se passe-t-il en Tunisie?<\/strong><br \/>Nous expliquons sur notre <a href=\"https:\/\/www.youtube.com\/channel\/UCRzypVq0B_yBad5eGrwBx0Q?sub_confirmation=1\" target=\"_blank\" rel=\"noopener\">cha\u00eene YouTube<\/a> . <a href=\"https:\/\/www.youtube.com\/channel\/UCRzypVq0B_yBad5eGrwBx0Q?sub_confirmation=1\" target=\"_blank\" rel=\"noopener\">Abonnez-vous!<\/a><\/p>\n<div class=\"mvp-org-wrap\" itemprop=\"publisher\">\n<div class=\"mvp-org-logo\" itemprop=\"logo\"><img decoding=\"async\" src=\"https:\/\/www.tunisienumerique.com\/wp-content\/uploads\/2017\/02\/logo_tunisie_numerique.png\"\/><br \/>\n<meta itemprop=\"url\" content=\"https:\/\/www.tunisienumerique.com\/wp-content\/uploads\/2017\/02\/logo_tunisie_numerique.png\"\/><\/div>\n<p><meta content=\"Tunisie Num\u00e9rique\"\/><\/div>\n<div class=\"mvp-related-posts left relative\">\n<h4 class=\"post-header\"><span class=\"post-header\">Lire aussi<\/span><\/h4>\n<\/div>\n<div id=\"article-ad\">\n <ins class=\"adsbygoogle c5\" data-ad-client=\"ca-pub-2102118777505746\" data-ad-slot=\"6513972734\" data-ad-format=\"auto\" data-full-width-responsive=\"true\"\/>\n<\/div>\n<\/div>\n<div id=\"post-sidebar-wrap\">\n <ins class=\"adsbygoogle c5\" data-ad-client=\"ca-pub-2102118777505746\" data-ad-slot=\"6168283410\" data-ad-format=\"auto\" data-full-width-responsive=\"true\"\/>\n<\/div>\n<p>Auteur: Ramsis<br \/>\n<a href=\"https:\/\/www.tunisienumerique.com\/tunisie-ghannouchi-nen-a-plus-pour-longtemps-reste-a-savoir-comment-il-voudra-partir\/\">Cliquez ici pour lire l&rsquo;article depuis sa source.<\/a><\/p>\n","protected":false},"excerpt":{"rendered":"<p>Par Ramsis \u00a0| Il y a 1 heure \ud83d\udd0a \u00c9coutez l&rsquo;article Rien ne va plus pour Rached Ghannouchi, le pr\u00e9sident historique des islamistes et de l\u2019ARP. Il est, pour le moment, en train d\u2019accuser les coups de butoir qui le d\u00e9sar\u00e7onnent de tous bords. Mais jusqu\u2019\u00e0 quant va-t-il pouvoir tenir\u00a0? Tous les observateurs, y compris [&hellip;]<\/p>\n","protected":false},"author":1789,"featured_media":0,"comment_status":"closed","ping_status":"closed","sticky":false,"template":"","format":"standard","meta":{"fifu_image_url":"https:\/\/secure.gravatar.com\/avatar\/9f10b5e5a102bf8cc0ebfb84f5ab5652?s=50&d=mm&r=g","fifu_image_alt":"Tunisie \u2013 Ghannouchi n\u2019en a plus pour longtemps\u2026 Reste \u00e0 savoir comment il voudra partir","footnotes":""},"categories":[73,55],"tags":[],"class_list":["post-111198","post","type-post","status-publish","format-standard","hentry","category-actualite","category-tunisie"],"_links":{"self":[{"href":"https:\/\/linitiative.ca\/International\/wp-json\/wp\/v2\/posts\/111198","targetHints":{"allow":["GET"]}}],"collection":[{"href":"https:\/\/linitiative.ca\/International\/wp-json\/wp\/v2\/posts"}],"about":[{"href":"https:\/\/linitiative.ca\/International\/wp-json\/wp\/v2\/types\/post"}],"author":[{"embeddable":true,"href":"https:\/\/linitiative.ca\/International\/wp-json\/wp\/v2\/users\/1789"}],"replies":[{"embeddable":true,"href":"https:\/\/linitiative.ca\/International\/wp-json\/wp\/v2\/comments?post=111198"}],"version-history":[{"count":0,"href":"https:\/\/linitiative.ca\/International\/wp-json\/wp\/v2\/posts\/111198\/revisions"}],"wp:attachment":[{"href":"https:\/\/linitiative.ca\/International\/wp-json\/wp\/v2\/media?parent=111198"}],"wp:term":[{"taxonomy":"category","embeddable":true,"href":"https:\/\/linitiative.ca\/International\/wp-json\/wp\/v2\/categories?post=111198"},{"taxonomy":"post_tag","embeddable":true,"href":"https:\/\/linitiative.ca\/International\/wp-json\/wp\/v2\/tags?post=111198"}],"curies":[{"name":"wp","href":"https:\/\/api.w.org\/{rel}","templated":true}]}}