{"id":111202,"date":"2021-02-13T08:18:02","date_gmt":"2021-02-13T13:18:02","guid":{"rendered":"https:\/\/linitiative.ca\/International\/sante-economie-et-social-au-menu-des-quotidiens-et-hebdomadaires-marocains\/"},"modified":"2021-02-13T08:18:02","modified_gmt":"2021-02-13T13:18:02","slug":"sante-economie-et-social-au-menu-des-quotidiens-et-hebdomadaires-marocains","status":"publish","type":"post","link":"https:\/\/linitiative.ca\/International\/sante-economie-et-social-au-menu-des-quotidiens-et-hebdomadaires-marocains\/","title":{"rendered":"Sant\u00e9, \u00e9conomie et social au menu des quotidiens et hebdomadaires marocains"},"content":{"rendered":"<div readability=\"32\">\n<p>Publi\u00e9 le 13.02.2021 \u00e0 14h18 par APA News<\/p>\n<\/div>\n<div readability=\"128\">\n<p>Les quotidiens marocains parus ce samedi se focalisent sur nombre de sujets notamment la campagne de vaccination, le secteur de l\u2019apiculture, la production de batteries et de voitures \u00e9lectriques et l\u2019informel dans le secteur du textile.+Le Matin+ cite une d\u00e9claration du ministre de la Sant\u00e9, Khalid Ait Taleb qui a soulign\u00e9 que le Maroc ambitionne d\u2019achever l\u2019op\u00e9ration de vaccination dans 3 \u00e0 5 prochains mois, en vue d\u2019atteindre l\u2019immunit\u00e9 collective et assurer un retour \u00e0 la vie normale.<\/p>\n<p>Le ministre a expliqu\u00e9 que suivant la cadence avec laquelle se d\u00e9roule l\u2019op\u00e9ration de vaccination jusqu\u2019\u00e0 pr\u00e9sent et conform\u00e9ment au plan trac\u00e9 pour son d\u00e9roulement, l\u2019objectif \u00e0 atteindre lors des 3 \u00e0 5 prochains mois est de vacciner environ 30 millions de citoyens marocains, soit 80 % de la population et de parvenir \u00e0 une immunit\u00e9 collective, r\u00e9duisant ainsi les effets n\u00e9gatifs induits par la propagation de la pand\u00e9mie et assurer un retour \u00e0 la vie normale.<\/p>\n<p>+La Vie Eco+ s\u2019int\u00e9resse au secteur de l\u2019apiculture qui a enregistr\u00e9 une production en hausse continue.<\/p>\n<p>Dot\u00e9 de ressources mellif\u00e8res tr\u00e8s diversifi\u00e9es, le Maroc est consid\u00e9r\u00e9 comme un paradis pour les abeilles, et ce malgr\u00e9 plusieurs contraintes telles que celles li\u00e9es au milieu naturel, notamment les changements climatiques et les s\u00e9cheresses successives des derni\u00e8res d\u00e9cennies, rel\u00e8ve la publication.<\/p>\n<p>Gr\u00e2ce au Plan Maroc Vert, la fili\u00e8re apicole a connu une \u00e9volution importante du secteur moderne, dont le nombre de ruches modernes a enregistr\u00e9 un accroissement de +482 %, passant de 110.000 ruches en 2009 \u00e0 640.000 ruches en 2019\/. La fili\u00e8re a enregistr\u00e9 \u00e9galement une progression importante du nombre des apiculteurs qui est pass\u00e9 de 22.045 en 2009 \u00e0 36.300 apiculteurs en 2019, pr\u00e9cise le journal.<\/p>\n<p>\u00a0La production est, pour sa part, pass\u00e9e de 4.717 tonnes en 2009 \u00e0 7.960 tonnes de miel en 2019, soit un accroissement de +69%. Aujourd\u2019hui, plus de 36.000 apiculteurs tirent leur revenu en totalit\u00e9 ou en partie de cette activit\u00e9.<\/p>\n<p>+Challenge+ estime que le Royaume a des arguments de poids pour attirer une partie importante des usines de production de batteries et de voitures \u00e9lectriques. La premi\u00e8re des particularit\u00e9s est que le Maroc est un des rares pays au monde \u00e0 avoir un accord de libre-\u00e9change avec les pays producteurs des mati\u00e8res premi\u00e8res n\u00e9cessaires \u00e0 la production de ces mat\u00e9riaux, ainsi qu\u2019avec les pays consommateurs des produits finis.<\/p>\n<p>Ainsi, le Maroc peut se fournir aupr\u00e8s des pays membres de la ZLECAF en lithium, cobalt ou en bauxite et exporter les batteries finies aupr\u00e8s de l\u2019Europe, le tout sans barri\u00e8re douani\u00e8re ou tarifaire, souligne-t-il.<\/p>\n<p>\u00a0En plus d\u2019\u00eatre au centre de la cha\u00eene du v\u00e9hicule \u00e9lectrique, d\u2019approvisionnement \u00e0 fortiori dans les pays du fait de ces accords commerciaux, le Maroc est au centre g\u00e9ographique lui assurant ainsi un co\u00fbt d\u2019importation des mati\u00e8res premi\u00e8res et d\u2019exportation tr\u00e8s faible vers les march\u00e9s. D\u2019ici 2026, on estime que la voiture \u00e9lectrique sera en moyenne moins ch\u00e8re que la voiture thermique, cela pr\u00e9lude une d\u00e9mocratisation du v\u00e9hicule \u00e9lectrique !, pr\u00e9dit le journal.<\/p>\n<p>+Telquel+ \u00e9voque l\u2019impact de l\u2019informel dans le secteur du textile. \u00ab Textile : l\u2019informel, une bombe \u00e0 retardement \u00bb, titre l\u2019hebdomadaire pour qui l\u2019erreur serait de croire que le propri\u00e9taire de l\u2019atelier de Tanger, o\u00f9 ont p\u00e9ri 28 textiliens, est le seul responsable de cette catastrophe.<\/p>\n<p>Depuis des ann\u00e9es, les textiliens tirent la sonnette d\u2019alarme quant \u00e0 la multiplication des ateliers clandestins dans plusieurs villes du Royaume. \u00ab On en compte des centaines \u00e0 Casablanca, Tanger, F\u00e8s, Sidi Bennour, Guercif et ailleurs \u00bb, d\u00e9plore un acteur du march\u00e9 du textile.<\/p>\n<p>Si l\u2019\u00e9conomie informelle est \u00e9valu\u00e9e \u00e0 plus de 30% du PIB, le textile est de loin le secteur le plus concern\u00e9. D\u2019apr\u00e8s les professionnels du secteur interrog\u00e9s par le journal, si l\u2019informel existe, c\u2019est \u00e0 cause de la concurrence et la contrebande. Avec un pouvoir d\u2019achat tr\u00e8s limit\u00e9, le consommateur marocain ach\u00e8tera toujours des produits de contrebande ou fabriqu\u00e9s dans l\u2019informel.<\/p>\n<\/div>\n<p>Auteur: APA News<br \/>\n<a href=\"https:\/\/www.journalducameroun.com\/sante-economie-et-social-au-menu-des-quotidiens-et-hebdomadaires-marocains\/\">Cliquez ici pour lire l&rsquo;article depuis sa source.<\/a><\/p>\n","protected":false},"excerpt":{"rendered":"<p>Publi\u00e9 le 13.02.2021 \u00e0 14h18 par APA News Les quotidiens marocains parus ce samedi se focalisent sur nombre de sujets notamment la campagne de vaccination, le secteur de l\u2019apiculture, la production de batteries et de voitures \u00e9lectriques et l\u2019informel dans le secteur du textile.+Le Matin+ cite une d\u00e9claration du ministre de la Sant\u00e9, Khalid Ait [&hellip;]<\/p>\n","protected":false},"author":1965,"featured_media":0,"comment_status":"closed","ping_status":"closed","sticky":false,"template":"","format":"standard","meta":{"fifu_image_url":"","fifu_image_alt":"","footnotes":""},"categories":[73,82],"tags":[],"class_list":["post-111202","post","type-post","status-publish","format-standard","hentry","category-actualite","category-cameroun"],"_links":{"self":[{"href":"https:\/\/linitiative.ca\/International\/wp-json\/wp\/v2\/posts\/111202","targetHints":{"allow":["GET"]}}],"collection":[{"href":"https:\/\/linitiative.ca\/International\/wp-json\/wp\/v2\/posts"}],"about":[{"href":"https:\/\/linitiative.ca\/International\/wp-json\/wp\/v2\/types\/post"}],"author":[{"embeddable":true,"href":"https:\/\/linitiative.ca\/International\/wp-json\/wp\/v2\/users\/1965"}],"replies":[{"embeddable":true,"href":"https:\/\/linitiative.ca\/International\/wp-json\/wp\/v2\/comments?post=111202"}],"version-history":[{"count":0,"href":"https:\/\/linitiative.ca\/International\/wp-json\/wp\/v2\/posts\/111202\/revisions"}],"wp:attachment":[{"href":"https:\/\/linitiative.ca\/International\/wp-json\/wp\/v2\/media?parent=111202"}],"wp:term":[{"taxonomy":"category","embeddable":true,"href":"https:\/\/linitiative.ca\/International\/wp-json\/wp\/v2\/categories?post=111202"},{"taxonomy":"post_tag","embeddable":true,"href":"https:\/\/linitiative.ca\/International\/wp-json\/wp\/v2\/tags?post=111202"}],"curies":[{"name":"wp","href":"https:\/\/api.w.org\/{rel}","templated":true}]}}