{"id":111203,"date":"2021-02-13T11:41:14","date_gmt":"2021-02-13T16:41:14","guid":{"rendered":"https:\/\/linitiative.ca\/International\/cameroun-64-ecoles-rouvertes-sur-144-apres-des-attaques-de-boko-haram-dans-lextreme-nord\/"},"modified":"2021-02-13T11:41:14","modified_gmt":"2021-02-13T16:41:14","slug":"cameroun-64-ecoles-rouvertes-sur-144-apres-des-attaques-de-boko-haram-dans-lextreme-nord","status":"publish","type":"post","link":"https:\/\/linitiative.ca\/International\/cameroun-64-ecoles-rouvertes-sur-144-apres-des-attaques-de-boko-haram-dans-lextreme-nord\/","title":{"rendered":"Cameroun : 64 \u00e9coles rouvertes sur 144 apr\u00e8s des attaques de Boko Haram dans l\u2019Extr\u00eame-nord"},"content":{"rendered":"<div readability=\"32\">\n<p>Publi\u00e9 le 13.02.2021 \u00e0 17h41 par JournalduCameroun.com<\/p>\n<\/div>\n<div readability=\"50\">\n<h2 class=\"c8\">Le Mayo-Sava, le Logone et Chari et Mayo-Tsanaga restent les d\u00e9partements les plus touch\u00e9s par les incursions de bandes arm\u00e9es.<\/h2>\n<p class=\"c9\"><em>\u00ab\u00a0Il y aujourd\u2019hui un ph\u00e9nom\u00e8ne nouveau qui s\u2019installe. C\u2019est les incursions de pr\u00e9dation. Nous avons des bandits de grand chemin qui vont dans des villages faire des raids et voler du b\u00e9tail. Nous avons envisag\u00e9 des ripostes\u00a0\u00bb<\/em>. C\u2019est ainsi que le ministre de l\u2019Administration territoriale d\u00e9crit la situation de la r\u00e9gion de l\u2019<strong>Extr\u00eame-nord<\/strong> face aux incursions des combattants de <strong>Boko Haram<\/strong>.<\/p>\n<p class=\"c9\">En visite de travail dans cette r\u00e9gion, le ministre Paul Atanga Nji a tenu une r\u00e9union de s\u00e9curit\u00e9. De cette rencontre, l\u2019on apprend que 144 \u00e9coles primaires ferm\u00e9es en 2014 \u00e0 cause des attaques de Boko Haram dans les d\u00e9partements du Logone et Chari et le Mayo Sava, 64 ont rouvert depuis lors. Du cot\u00e9 des lyc\u00e9es, seuls deux restent ferm\u00e9s dans le Mayo Tsanaga.<\/p>\n<p class=\"c9\"><em>\u00ab\u00a0Nous avons \u00e9voqu\u00e9 \u00e9galement le plan pr\u00e9sidentiel de reconstruction de la r\u00e9gion de l\u2019Extr\u00eame nord. C\u2019est un plan pr\u00e9sidentiel qui se d\u00e9roule normalement. J\u2019ai constat\u00e9 qu\u2019il y a deux ou trois projets qui \u00e9taient \u00e0 l\u2019arr\u00eat qui ont repris<\/em>\u00a0\u00bb, a tent\u00e9 de rassurer le ministre. Une attaque a \u00e9t\u00e9 enregistr\u00e9e le 11 f\u00e9vrier \u00e0 Amchid\u00e9 o\u00f9 un homme a \u00e9t\u00e9 tu\u00e9.<\/p>\n<\/div>\n<p>Auteur: journalducameroun<br \/>\n<a href=\"https:\/\/www.journalducameroun.com\/cameroun-64-ecoles-rouvertes-sur-144-apres-des-attaques-de-boko-haram-dans-lextreme-nord-cameroun\/\">Cliquez ici pour lire l&rsquo;article depuis sa source.<\/a><\/p>\n","protected":false},"excerpt":{"rendered":"<p>Publi\u00e9 le 13.02.2021 \u00e0 17h41 par JournalduCameroun.com Le Mayo-Sava, le Logone et Chari et Mayo-Tsanaga restent les d\u00e9partements les plus touch\u00e9s par les incursions de bandes arm\u00e9es. \u00ab\u00a0Il y aujourd\u2019hui un ph\u00e9nom\u00e8ne nouveau qui s\u2019installe. C\u2019est les incursions de pr\u00e9dation. Nous avons des bandits de grand chemin qui vont dans des villages faire des raids [&hellip;]<\/p>\n","protected":false},"author":1965,"featured_media":0,"comment_status":"closed","ping_status":"closed","sticky":false,"template":"","format":"standard","meta":{"fifu_image_url":"","fifu_image_alt":"","footnotes":""},"categories":[73,82],"tags":[],"class_list":["post-111203","post","type-post","status-publish","format-standard","hentry","category-actualite","category-cameroun"],"_links":{"self":[{"href":"https:\/\/linitiative.ca\/International\/wp-json\/wp\/v2\/posts\/111203","targetHints":{"allow":["GET"]}}],"collection":[{"href":"https:\/\/linitiative.ca\/International\/wp-json\/wp\/v2\/posts"}],"about":[{"href":"https:\/\/linitiative.ca\/International\/wp-json\/wp\/v2\/types\/post"}],"author":[{"embeddable":true,"href":"https:\/\/linitiative.ca\/International\/wp-json\/wp\/v2\/users\/1965"}],"replies":[{"embeddable":true,"href":"https:\/\/linitiative.ca\/International\/wp-json\/wp\/v2\/comments?post=111203"}],"version-history":[{"count":0,"href":"https:\/\/linitiative.ca\/International\/wp-json\/wp\/v2\/posts\/111203\/revisions"}],"wp:attachment":[{"href":"https:\/\/linitiative.ca\/International\/wp-json\/wp\/v2\/media?parent=111203"}],"wp:term":[{"taxonomy":"category","embeddable":true,"href":"https:\/\/linitiative.ca\/International\/wp-json\/wp\/v2\/categories?post=111203"},{"taxonomy":"post_tag","embeddable":true,"href":"https:\/\/linitiative.ca\/International\/wp-json\/wp\/v2\/tags?post=111203"}],"curies":[{"name":"wp","href":"https:\/\/api.w.org\/{rel}","templated":true}]}}