{"id":111204,"date":"2021-02-13T13:35:40","date_gmt":"2021-02-13T18:35:40","guid":{"rendered":"https:\/\/linitiative.ca\/International\/cameroun-le-regime-de-yaounde-celebre-les-88-ans-du-president-paul-biya\/"},"modified":"2021-02-13T13:35:40","modified_gmt":"2021-02-13T18:35:40","slug":"cameroun-le-regime-de-yaounde-celebre-les-88-ans-du-president-paul-biya","status":"publish","type":"post","link":"https:\/\/linitiative.ca\/International\/cameroun-le-regime-de-yaounde-celebre-les-88-ans-du-president-paul-biya\/","title":{"rendered":"Cameroun : le r\u00e9gime de Yaound\u00e9 c\u00e9l\u00e8bre les 88 ans du pr\u00e9sident Paul Biya"},"content":{"rendered":"<div readability=\"32\">\n<p>Publi\u00e9 le 13.02.2021 \u00e0 19h35 par JournalduCameroun.com<\/p>\n<\/div>\n<div readability=\"70\">\n<h2 class=\"c8\">Des manifestations organis\u00e9es \u00e0 travers le pays par des pontes du pouvoir pour marquer le jour anniversaire du pr\u00e9sident de la R\u00e9publique.<\/h2>\n<p class=\"c9\">Du beau linge ce 13 f\u00e9vrier \u00e0 l\u2019esplanade de la marie de Sangmelima, dans la r\u00e9gion du Sud, r\u00e9gion natale du pr\u00e9sident de la R\u00e9publique. Sous les tentes \u2013 dont certaines indiquent <em>\u00ab\u00a0famille pr\u00e9sidentielle\u00a0\u00bb<\/em> ou encore <em>\u00ab\u00a0Belle-famille pr\u00e9sidentielle\u00a0\u00bb<\/em> \u2013 des invit\u00e9s tri\u00e9s sur le volet. La rencontre est voulue par Louis Paul Motaze, ministre des Finances, pr\u00e9sident de la d\u00e9l\u00e9gation d\u00e9partementale du RDPC pour le Dja et Lobo et <em>\u00ab\u00a0fils\u00a0\u00bb<\/em> du pr\u00e9sident de la R\u00e9publique.<\/p>\n<p class=\"c9\">Ce baron du r\u00e9gime pr\u00e9side par ce fait une double c\u00e9r\u00e9monie\u00a0: pose de la premi\u00e8re de la <em>\u00ab\u00a0Place Paul Biya\u00a0\u00bb<\/em>.\u00a0 Une maquette du projet est d\u2019ailleurs propos\u00e9e et l\u2019ouvrage devrait tr\u00f4ner au carrefour d\u2019Avebe Yekombo qui relie Sangmelima aux arrondissements de Meyomessala, Djoum, Oveng et Mintom.<\/p>\n<p class=\"c9\">L\u2019autre raison de ce rassemblement tourne toujours autour de <strong>Paul Biya<\/strong>. Il s\u2019agit de marquer les <strong>88 ans<\/strong> du pr\u00e9sident de la R\u00e9publique qui f\u00eate son anniversaire ce 13 f\u00e9vrier. En cette occasion, des cadeaux d\u2019anniversaire ont \u00e9t\u00e9 d\u00e9pos\u00e9s par diverses personnalit\u00e9s et un office religieux c\u00e9l\u00e9br\u00e9 par Monseigneur Christophe Zoa, Ev\u00eaque de Sangm\u00e9lima. Ce dernier a \u00a0conduit des pri\u00e8res pour que Dieu accorde la bonne sant\u00e9 et la sagesse au pr\u00e9sident Paul Biya.<\/p>\n<p class=\"c9\">A Yaound\u00e9, c\u2019est une c\u00e9l\u00e9bration d\u2019anniversaire port\u00e9e par trois ministres qui a \u00e9t\u00e9 organis\u00e9e au palais des sports. En effet, \u00e0 l\u2019initiative du ministre Jacques Fame Ndongo de l\u2019Enseignement sup\u00e9rieur, de Laurent Serge Etoundi Ngoa de l\u2019Education de base et de Philippe Mbarga Mboa ministre charg\u00e9 de mission \u00e0 la pr\u00e9sidence de la R\u00e9publique.<\/p>\n<p class=\"c9\">Dans cette f\u00eate d\u2019anniversaire domin\u00e9 par les militants du RDPC, des souhaits de long\u00e9vit\u00e9 et de sagesse ont \u00e9t\u00e9 dress\u00e9s \u00e0 l\u2019endroit de Paul Biya, au pouvoir depuis 1982.<\/p>\n<p class=\"c9\">A noter que le principal concern\u00e9 ne s\u2019est pr\u00e9sent\u00e9 \u00e0 aucune des f\u00eates \u00e0 son intention. La pr\u00e9sidence pr\u00e9f\u00e9rant une c\u00e9l\u00e9bration dans l\u2019intimit\u00e9 familiale dont des photos s\u00e9lectionn\u00e9es <em>\u00ab\u00a0fuitent\u00a0\u00bb<\/em> g\u00e9n\u00e9ralement \u00e0 travers les r\u00e9seaux sociaux.<\/p>\n<\/div>\n<p>Auteur: journalducameroun<br \/>\n<a href=\"https:\/\/www.journalducameroun.com\/cameroun-le-regime-de-yaounde-celebre-les-88-ans-du-president-paul-biya-cameroun\/\">Cliquez ici pour lire l&rsquo;article depuis sa source.<\/a><\/p>\n","protected":false},"excerpt":{"rendered":"<p>Publi\u00e9 le 13.02.2021 \u00e0 19h35 par JournalduCameroun.com Des manifestations organis\u00e9es \u00e0 travers le pays par des pontes du pouvoir pour marquer le jour anniversaire du pr\u00e9sident de la R\u00e9publique. Du beau linge ce 13 f\u00e9vrier \u00e0 l\u2019esplanade de la marie de Sangmelima, dans la r\u00e9gion du Sud, r\u00e9gion natale du pr\u00e9sident de la R\u00e9publique. Sous [&hellip;]<\/p>\n","protected":false},"author":1965,"featured_media":0,"comment_status":"closed","ping_status":"closed","sticky":false,"template":"","format":"standard","meta":{"fifu_image_url":"","fifu_image_alt":"","footnotes":""},"categories":[73,82],"tags":[],"class_list":["post-111204","post","type-post","status-publish","format-standard","hentry","category-actualite","category-cameroun"],"_links":{"self":[{"href":"https:\/\/linitiative.ca\/International\/wp-json\/wp\/v2\/posts\/111204","targetHints":{"allow":["GET"]}}],"collection":[{"href":"https:\/\/linitiative.ca\/International\/wp-json\/wp\/v2\/posts"}],"about":[{"href":"https:\/\/linitiative.ca\/International\/wp-json\/wp\/v2\/types\/post"}],"author":[{"embeddable":true,"href":"https:\/\/linitiative.ca\/International\/wp-json\/wp\/v2\/users\/1965"}],"replies":[{"embeddable":true,"href":"https:\/\/linitiative.ca\/International\/wp-json\/wp\/v2\/comments?post=111204"}],"version-history":[{"count":0,"href":"https:\/\/linitiative.ca\/International\/wp-json\/wp\/v2\/posts\/111204\/revisions"}],"wp:attachment":[{"href":"https:\/\/linitiative.ca\/International\/wp-json\/wp\/v2\/media?parent=111204"}],"wp:term":[{"taxonomy":"category","embeddable":true,"href":"https:\/\/linitiative.ca\/International\/wp-json\/wp\/v2\/categories?post=111204"},{"taxonomy":"post_tag","embeddable":true,"href":"https:\/\/linitiative.ca\/International\/wp-json\/wp\/v2\/tags?post=111204"}],"curies":[{"name":"wp","href":"https:\/\/api.w.org\/{rel}","templated":true}]}}