{"id":111205,"date":"2021-02-13T14:18:02","date_gmt":"2021-02-13T19:18:02","guid":{"rendered":"https:\/\/linitiative.ca\/International\/benin-frederic-aivo-engage-dans-la-presidentielle-sans-une-alliance-decisive\/"},"modified":"2021-02-13T14:18:02","modified_gmt":"2021-02-13T19:18:02","slug":"benin-frederic-aivo-engage-dans-la-presidentielle-sans-une-alliance-decisive","status":"publish","type":"post","link":"https:\/\/linitiative.ca\/International\/benin-frederic-aivo-engage-dans-la-presidentielle-sans-une-alliance-decisive\/","title":{"rendered":"B\u00e9nin: Fr\u00e9d\u00e9ric A\u00efvo engag\u00e9 dans la pr\u00e9sidentielle sans une alliance d\u00e9cisive"},"content":{"rendered":"<div readability=\"32\">\n<p>Publi\u00e9 le 13.02.2021 \u00e0 20h18 par APA News<\/p>\n<\/div>\n<div readability=\"155\">\n<p>La perspective de la pr\u00e9sidentielle b\u00e9ninoise d\u2019avril laisse appara\u00eetre une opposition divis\u00e9e.<\/p>\n<p>Fr\u00e9d\u00e9ric Jo\u00ebl A\u00efvo, ancien proche de Patrice Talon, ambitionne de remporter le scrutin sans une alliance d\u00e9cisive. \u00a0D\u00e9cr\u00e9dibilis\u00e9e par certaines affaires judiciaires, l\u2019opposition devra travailler \u00e0 convaincre l\u2019\u00e9lectorat d\u2019une caution morale exemplaire.\u00a0<\/p>\n<p>Ce d\u00e9cor pr\u00e9sage de conditions propices \u00e0 l\u2019\u00e9mergence d\u2019un \u00ab\u00a0outsider\u00a0\u00bb, qui devra cependant r\u00e9ussir \u00e0 convaincre face \u00e0 un pr\u00e9sident sortant aur\u00e9ol\u00e9 du bilan de sa gouvernance publique et \u00e9conomique.<\/p>\n<p>Technocrate de haut niveau, Fr\u00e9d\u00e9ric Jo\u00ebl A\u00efvo est un \u00a0expert constitutionaliste de rang international, qui a \u00a0collabor\u00e9 avec plusieurs institutions multilat\u00e9rales dont la Cedeao.<\/p>\n<p>Ce doyen de l\u2019universit\u00e9 d\u2019Abomey-Calavi, de 2016 \u00e0 \u00a02019, a \u00e9galement particip\u00e9 \u00e0 la r\u00e9daction de la Constitution de la R\u00e9publique centrafricaine.<\/p>\n<p>Militant politique rod\u00e9 \u00e0 l\u2019\u00e9cole de \u00ab Notre Cause Commune \u00bb alors qu\u2019il \u00e9tait \u00e9tudiant, M. A\u00efvo s\u2019est d\u00e9clar\u00e9 le premier comme candidat de l\u2019opposition \u00e0 la pr\u00e9sidentielle.<\/p>\n<p>Son activisme politique, m\u00e9diatique et digital pourrait s\u2019av\u00e9rer d\u00e9cisif pour le positionner comme le candidat favori de l\u2019opposition.<\/p>\n<p>Cependant, un faisceau d\u2019\u00e9l\u00e9ments laissent penser qu\u2019il pourrait voir son isolement assum\u00e9 se retourner contre lui, selon des analystes qui soutiennent qu\u2019on ne gagne pas une \u00e9lection seul.<\/p>\n<p>\u00a0Engagement politique<\/p>\n<p>L\u2019universitaire Fr\u00e9d\u00e9ric Jo\u00ebl A\u00efvo est un ancien proche de Patrice Talon. Il a occup\u00e9 le poste de porte-parole de la commission sur les r\u00e9formes politiques et institutionnel, en 2016.<\/p>\n<p>Mais, il prendra rapidement ses distances, avant de basculer int\u00e9gralement dans l\u2019opposition apr\u00e8s la r\u00e9forme constitutionnelle de 2019 \u00e0 laquelle il est oppos\u00e9.<\/p>\n<p>Au vu de son pedigree d\u2019expert, M. A\u00efvo \u00a0repr\u00e9sente un \u00ab\u00a0opposant s\u00e9rieux\u00a0\u00bb pour Patrice Talon, m\u00eame si son manque d\u2019exp\u00e9rience gouvernementale pourrait nuire \u00e0 sa cr\u00e9dibilit\u00e9.<\/p>\n<p>Cet handicap semble pourtant ne pas d\u00e9ranger le professeur A\u00efvo, ce qu\u2019il compense par son activisme sur les r\u00e9seaux sociaux, o\u00f9 il jouit d\u2019une forte popularit\u00e9.<\/p>\n<p>Audacieux, il se permet de s\u2019aventurer sur les fiefs politiques de Talon via une tourn\u00e9e dans une cinquantaine de villes, sur les soixante-dix que compte le pays.<\/p>\n<p>Jeune et ind\u00e9pendant, Fr\u00e9d\u00e9ric Jo\u00ebl A\u00efvo ambitionne visiblement de se positionner comme le candidat de la rel\u00e8ve. Et pas seulement celle du pr\u00e9sident sortant.<\/p>\n<p>Pour des observateurs, il semble n\u2019\u00eatre capable de se distinguer que sur la forme et l\u2019enjeu politique. Il devra faire montre d\u2019un leadership incontestable. \u00a0<\/p>\n<p>Sa plateforme, les 5R (Rassembler, R\u00e9tablir, Relancer, Redistribuer, Repositionner) offre \u00ab\u00a0un programme cr\u00e9dible et professionnel mais ne se montre gu\u00e8re innovante\u00a0\u00bb, estiment certains.\u00a0<\/p>\n<p>D\u2019autres y voient un programme qui s\u2019affiche comme \u00a0l\u2019impression d\u2019\u00eatre une copie de la politique gouvernementale.\u00a0<\/p>\n<p>Si on peut reprocher \u00e0 Patrice Talon une approche unipersonnelle de certaines probl\u00e9matiques, personne ne peut r\u00e9ellement contester son bilan \u00e9conomique.<\/p>\n<p>Son leadership a permis au B\u00e9nin de sortir de la cat\u00e9gorie des pays les moins avanc\u00e9s (PMA) et l\u2019a transform\u00e9 en place d\u2019investissements internationaux attractive.<\/p>\n<p>Un temp\u00e9rament \u00a0ind\u00e9pendant \u00a0\u00a0<\/p>\n<p>Courant janvier, la position de Fr\u00e9d\u00e9ric A\u00efvo semblait encore favorable. Int\u00e9gr\u00e9 et adoub\u00e9 par le \u00abFront pour la restauration de la d\u00e9mocratie \u00bb, parti de coalition anti-Patrice Talon, il \u00e9tait en mesure de faire consensus.<\/p>\n<p>Cette jeune formation ne parvient pas \u00e0 se d\u00e9partir de fractures internes, qui ont \u00e9t\u00e9 en s\u2019aggravant du fait du temp\u00e9rament tr\u00e8s ind\u00e9pendant de Fr\u00e9d\u00e9ric Jo\u00ebl A\u00efvo.\u00a0<\/p>\n<p>La rupture a finalement \u00e9t\u00e9 consomm\u00e9e le 4 f\u00e9vrier 2021 avec la pr\u00e9sentation d\u2019un ticket \u00e9lectoral ind\u00e9pendant des D\u00e9mocrates de l\u2019ancien-pr\u00e9sident Boni Yayi.<\/p>\n<p>Si le d\u00e9part des D\u00e9mocrates ne fait pas exploser la coalition, la formation n\u2019en demeure pas moins vid\u00e9e d\u2019une partie de sa substance avec le d\u00e9part de ce parti gouvernemental et poids lourd \u00e9lectoral.<\/p>\n<p>De facto, Fr\u00e9d\u00e9ric Jo\u00ebl A\u00efvo dispose d\u2019une forte popularit\u00e9 et de nombreux soutiens dans la soci\u00e9t\u00e9 civile. Mais comment esp\u00e9rer l\u2019emporter sans alliance d\u00e9cisive ?<\/p>\n<p>Une vingtaine de candidats a d\u00e9pos\u00e9 un dossier de candidature aupr\u00e8s de la Commission \u00e9lectorale nationale autonome (CENA), ce qui porte un coup dur \u00e0 la rh\u00e9torique anti-Talon, dont la cr\u00e9dibilit\u00e9 tenait en partie au consensus dans l\u2019opposition.<\/p>\n<p>Des querelles partisanes ont abouti \u00e0 l\u2019explosion de la coalition. Combin\u00e9 \u00e0 l\u2019inflation de candidatures, le comportement de l\u2019opposition vient implicitement donner raison aux r\u00e9formes \u00e9lectorales sur le syst\u00e8me des partis.\u00a0<\/p>\n<\/div>\n<p>Auteur: APA News<br \/>\n<a href=\"https:\/\/www.journalducameroun.com\/benin-frederic-aivo-engage-dans-la-presidentielle-sans-une-alliance-decisive\/\">Cliquez ici pour lire l&rsquo;article depuis sa source.<\/a><\/p>\n","protected":false},"excerpt":{"rendered":"<p>Publi\u00e9 le 13.02.2021 \u00e0 20h18 par APA News La perspective de la pr\u00e9sidentielle b\u00e9ninoise d\u2019avril laisse appara\u00eetre une opposition divis\u00e9e. Fr\u00e9d\u00e9ric Jo\u00ebl A\u00efvo, ancien proche de Patrice Talon, ambitionne de remporter le scrutin sans une alliance d\u00e9cisive. \u00a0D\u00e9cr\u00e9dibilis\u00e9e par certaines affaires judiciaires, l\u2019opposition devra travailler \u00e0 convaincre l\u2019\u00e9lectorat d\u2019une caution morale exemplaire.\u00a0 Ce d\u00e9cor pr\u00e9sage [&hellip;]<\/p>\n","protected":false},"author":1965,"featured_media":0,"comment_status":"closed","ping_status":"closed","sticky":false,"template":"","format":"standard","meta":{"fifu_image_url":"","fifu_image_alt":"","footnotes":""},"categories":[73,82],"tags":[],"class_list":["post-111205","post","type-post","status-publish","format-standard","hentry","category-actualite","category-cameroun"],"_links":{"self":[{"href":"https:\/\/linitiative.ca\/International\/wp-json\/wp\/v2\/posts\/111205","targetHints":{"allow":["GET"]}}],"collection":[{"href":"https:\/\/linitiative.ca\/International\/wp-json\/wp\/v2\/posts"}],"about":[{"href":"https:\/\/linitiative.ca\/International\/wp-json\/wp\/v2\/types\/post"}],"author":[{"embeddable":true,"href":"https:\/\/linitiative.ca\/International\/wp-json\/wp\/v2\/users\/1965"}],"replies":[{"embeddable":true,"href":"https:\/\/linitiative.ca\/International\/wp-json\/wp\/v2\/comments?post=111205"}],"version-history":[{"count":0,"href":"https:\/\/linitiative.ca\/International\/wp-json\/wp\/v2\/posts\/111205\/revisions"}],"wp:attachment":[{"href":"https:\/\/linitiative.ca\/International\/wp-json\/wp\/v2\/media?parent=111205"}],"wp:term":[{"taxonomy":"category","embeddable":true,"href":"https:\/\/linitiative.ca\/International\/wp-json\/wp\/v2\/categories?post=111205"},{"taxonomy":"post_tag","embeddable":true,"href":"https:\/\/linitiative.ca\/International\/wp-json\/wp\/v2\/tags?post=111205"}],"curies":[{"name":"wp","href":"https:\/\/api.w.org\/{rel}","templated":true}]}}