{"id":111206,"date":"2021-02-13T14:18:04","date_gmt":"2021-02-13T19:18:04","guid":{"rendered":"https:\/\/linitiative.ca\/International\/legislatives-ivoiriennes-debut-du-deploiement-des-observateurs\/"},"modified":"2021-02-13T14:18:04","modified_gmt":"2021-02-13T19:18:04","slug":"legislatives-ivoiriennes-debut-du-deploiement-des-observateurs","status":"publish","type":"post","link":"https:\/\/linitiative.ca\/International\/legislatives-ivoiriennes-debut-du-deploiement-des-observateurs\/","title":{"rendered":"L\u00e9gislatives ivoiriennes: d\u00e9but du d\u00e9ploiement des observateurs"},"content":{"rendered":"<div readability=\"32\">\n<p>Publi\u00e9 le 13.02.2021 \u00e0 20h18 par APA News<\/p>\n<\/div>\n<div readability=\"88\">\n<p>Les missions d\u2019observation des \u00e9lections l\u00e9gislatives ivoiriennes du 06 mars prochain ont commenc\u00e9 \u00e0 se d\u00e9ployer, samedi, sur le terrain.<\/p>\n<p>L\u2019institut \u00e9lectoral pour une d\u00e9mocratie durable en Afrique (EISA) et le Centre Carter ont annonc\u00e9 samedi \u00e0 Abidjan, le d\u00e9ploiement d\u2019une mission internationale conjointe \u00e9lectorale ( MIOE) de long terme comprenant 16 personnes pour observer les pr\u00e9paratifs ces \u00e9lections l\u00e9gislatives ivoiriennes.<\/p>\n<p>Selon Valdiodio N\u2019diaye, le directeur r\u00e9sident de ce projet, une vingtaine d\u2019observateurs de court terme rejoindra la mission en mars prochain pour observer toutes les autres \u00e9tapes de ce processus \u00e9lectoral.\u00a0<\/p>\n<p>\u00ab Nous sommes la mission EISA-Centre Carter qui va travailler au niveau des diff\u00e9rentes r\u00e9gions de la C\u00f4te d\u2019Ivoire pour suivre toutes les \u00e9tapes du processus \u00e9lectoral des \u00e9lections l\u00e9gislatives de mani\u00e8re ind\u00e9pendante, neutre et objective\u00bb, a assur\u00e9 M. N\u2019diaye dans une conf\u00e9rence de presse pr\u00e9cisant.<\/p>\n<p>Selon lui, la mission va durer 45 jours dans plusieurs r\u00e9gions du pays. \u00a0A ce propos, il a cit\u00e9 notamment les localit\u00e9s d\u2019Abidjan, Bouak\u00e9 (Centre-Nord), Korhogo (Nord), Man (Ouest), San-Pedro (Sud-Ouest), Abengourou (Est) et Daloa (Centre-Ouest).<\/p>\n<p>Par extension, a ajout\u00e9 M. N\u2019diaye, \u00a0\u00ab nos observateurs vont se d\u00e9ployer dans les r\u00e9gions environnantes de ces localit\u00e9s cit\u00e9es pour suivre toutes les \u00e9tapes du processus \u00e9lectoral\u00bb.<\/p>\n<p>\u00a0Cette mission internationale d\u2019observation conjointe \u00e9lectorale ( MIOE) observera toutes les \u00e9tapes du processus \u00e9lectoral des l\u00e9gislatives ivoiriennes.<\/p>\n<p>Notamment, la validation des listes d\u00e9finitives des candidatures, la campagne \u00e9lectorale, les proc\u00e9dures de vote le jour du scrutin, la phase de compilation et centralisation des r\u00e9sultats, la proclamation des \u00a0r\u00e9sultats provisoires et l\u2019\u00e9ventuel contentieux \u00e9lectoral.<\/p>\n<p>Ces deux organisations, rappelle-t-on, avaient \u00a0d\u00e9ploy\u00e9 d\u2019ao\u00fbt \u00e0 d\u00e9cembre 2020, une mission conjointe pour observer \u00a0l\u2019\u00e9lection pr\u00e9sidentielle ivoirienne du 31 octobre 2020.<\/p>\n<\/div>\n<p>Auteur: APA News<br \/>\n<a href=\"https:\/\/www.journalducameroun.com\/legislatives-ivoiriennes-debut-du-deploiement-des-observateurs\/\">Cliquez ici pour lire l&rsquo;article depuis sa source.<\/a><\/p>\n","protected":false},"excerpt":{"rendered":"<p>Publi\u00e9 le 13.02.2021 \u00e0 20h18 par APA News Les missions d\u2019observation des \u00e9lections l\u00e9gislatives ivoiriennes du 06 mars prochain ont commenc\u00e9 \u00e0 se d\u00e9ployer, samedi, sur le terrain. L\u2019institut \u00e9lectoral pour une d\u00e9mocratie durable en Afrique (EISA) et le Centre Carter ont annonc\u00e9 samedi \u00e0 Abidjan, le d\u00e9ploiement d\u2019une mission internationale conjointe \u00e9lectorale ( MIOE) [&hellip;]<\/p>\n","protected":false},"author":1965,"featured_media":0,"comment_status":"closed","ping_status":"closed","sticky":false,"template":"","format":"standard","meta":{"fifu_image_url":"","fifu_image_alt":"","footnotes":""},"categories":[73,82],"tags":[],"class_list":["post-111206","post","type-post","status-publish","format-standard","hentry","category-actualite","category-cameroun"],"_links":{"self":[{"href":"https:\/\/linitiative.ca\/International\/wp-json\/wp\/v2\/posts\/111206","targetHints":{"allow":["GET"]}}],"collection":[{"href":"https:\/\/linitiative.ca\/International\/wp-json\/wp\/v2\/posts"}],"about":[{"href":"https:\/\/linitiative.ca\/International\/wp-json\/wp\/v2\/types\/post"}],"author":[{"embeddable":true,"href":"https:\/\/linitiative.ca\/International\/wp-json\/wp\/v2\/users\/1965"}],"replies":[{"embeddable":true,"href":"https:\/\/linitiative.ca\/International\/wp-json\/wp\/v2\/comments?post=111206"}],"version-history":[{"count":0,"href":"https:\/\/linitiative.ca\/International\/wp-json\/wp\/v2\/posts\/111206\/revisions"}],"wp:attachment":[{"href":"https:\/\/linitiative.ca\/International\/wp-json\/wp\/v2\/media?parent=111206"}],"wp:term":[{"taxonomy":"category","embeddable":true,"href":"https:\/\/linitiative.ca\/International\/wp-json\/wp\/v2\/categories?post=111206"},{"taxonomy":"post_tag","embeddable":true,"href":"https:\/\/linitiative.ca\/International\/wp-json\/wp\/v2\/tags?post=111206"}],"curies":[{"name":"wp","href":"https:\/\/api.w.org\/{rel}","templated":true}]}}