{"id":111208,"date":"2021-02-13T09:59:31","date_gmt":"2021-02-13T14:59:31","guid":{"rendered":"https:\/\/linitiative.ca\/International\/secteur-bancaire-les-details-de-la-levee-de-fonds-de-la-regionale-s-a\/"},"modified":"2021-02-13T09:59:31","modified_gmt":"2021-02-13T14:59:31","slug":"secteur-bancaire-les-details-de-la-levee-de-fonds-de-la-regionale-s-a","status":"publish","type":"post","link":"https:\/\/linitiative.ca\/International\/secteur-bancaire-les-details-de-la-levee-de-fonds-de-la-regionale-s-a\/","title":{"rendered":"Secteur bancaire : les d\u00e9tails de la lev\u00e9e de fonds de la R\u00e9gionale S.A."},"content":{"rendered":"<p>Au lendemain de son 28eme anniversaire, la R\u00e9gionale SA, tient le pari\u00a0 d\u2019\u00eatre la premi\u00e8re banque en Afrique centrale \u00e0 \u00a0\u00eatre cot\u00e9e \u00e0 la \u00a0bourse des valeurs mobili\u00e8res de l\u2019Afrique Centrale (Bvamc). Ceci s\u2019inscrit dans le cadre de son plan strat\u00e9gique 2021.\u00a0 La R\u00e9gionale envisage de proc\u00e9der \u00e0 une transformation institutionnelle en \u00e9tablissement de cr\u00e9dit, au sens de la r\u00e8glementation applicable. La transformation\u00a0 en question, lui permettra de disposer d\u2019un levier op\u00e9rationnel important, lui permettant par cons\u00e9quent d\u2019augmenter de fa\u00e7on signifiante son volume d\u2019activit\u00e9s. A cet effet, depuis le 09 f\u00e9vrier et ce jusqu\u2019au 21 f\u00e9vrier 2021, l\u2019\u00e9tablissement de cr\u00e9dit proc\u00e8de \u00e0 une augmentation de capital par appel public \u00e0 l\u2019\u00e9pargne. \u00a0196\u00a0000 actions nouvelles soit 19,6% du capital post-op\u00e9ration sont mises en vente aupr\u00e8s du public, au prix de 42\u00a0000 Fcfa par action. Ces diff\u00e9rentes actions, seront cessibles et admises \u00e0 la cote sur le premier compartiment de la Bvmac pour un montant total de l\u2019op\u00e9ration fix\u00e9 \u00e0 8, 232 milliards. La premi\u00e8re cotation de ces actions sur la Bvmac devrait se tenir dans un d\u00e9lai de trois mois suivant la date d\u2019avis d\u2019approbation \u00e0 la demande d\u2019admission \u00e0 la cote de la Bvmac, conform\u00e9ment \u00e0 la r\u00e8glementation de n\u00e9gociation et de radiation \u00e0 la cote du r\u00e8glement g\u00e9n\u00e9ral de la bourse de valeur.<\/p>\n<p><strong>Lire aussi<\/strong> : <strong><a href=\"https:\/\/ecomatin.net\/la-regionale-sa-ouvre-une-nouvelle-agence-a-mvog-ada\/\">La R\u00e9gionale SA ouvre une nouvelle agence \u00e0 Mvog-Ada<\/a><\/strong><\/p>\n<p>Cette d\u00e9marche de l\u2019\u00e9tablissement est port\u00e9e par trois raisons fondamentales, l\u2019acc\u00e8s \u00e0 un portefeuille de cr\u00e9dit plus important que celui auquel elle est actuellement expos\u00e9e,\u00a0\u00a0la digitalisation de ses produits et la maitrise des risques g\u00e9n\u00e9reux et sp\u00e9cifiques. Une op\u00e9ration in\u00e9dite pour le promoteur de la R\u00e9gionale\u00a0: \u00ab\u00a0en r\u00e9alit\u00e9, nous n\u2019avons pas une grande culture de la bourse. Il faut signaler qu\u2019aujourd\u2019hui en Afrique Centrale, il n\u2019y a pas encore une institution financi\u00e8re donc l\u2019action est cot\u00e9e en bourse. La R\u00e9gionale est la premi\u00e8re structure financi\u00e8re qui a et qui aura d\u00e9sormais son action cot\u00e9e en bourse. Nous pensons \u00e9galement qu\u2019il n\u2019est pas mauvais d\u2019\u00eatre pr\u00e9curseur de la bourse au sein des institutions financi\u00e8re\u00bb, se satisfait le promoteur.<\/p>\n<p><strong>Lire aussi<\/strong> : <strong><a href=\"https:\/\/ecomatin.net\/secteur-bancaire-la-regionale-veut-passer-en-banque\/\">Secteur bancaire : la R\u00e9gionale veut passer en banque<\/a><\/strong><\/p>\n<p>A la question de savoir quelle sera l\u2019orientation de la valeur de la R\u00e9gionale apr\u00e8s son op\u00e9ration d\u2019entr\u00e9e en bourse, l\u2019arrangeur de Financial capital se montre rassurant\u00a0: \u00ab concernant les nouvelles orientations de valeur. Il\u00a0 faut dire que si vous achetez une action \u00e0 42\u00a0000F, au bout d\u2019une ann\u00e9e vous auriez d\u00e9j\u00e0 un retour direct sur investissement. Parce que le capital de la R\u00e9gionale \u00a0va passer de 10 \u00e0 15 milliards. Comme c\u2019est vous les actionnaires autour de la table c\u2019est \u00e0 vous qu\u2019on redistribue. A ce niveau il y a une cr\u00e9ation de richesse. Si on regarde la courbe des quinze derni\u00e8res ann\u00e9es de la R\u00e9gionale, ont n\u2019est plut\u00f4t \u00e0 l\u2019aise, sur les r\u00e9sultats 2021. On ne voit pas pourquoi les r\u00e9sultats seront diff\u00e9rents des ann\u00e9es ant\u00e9rieures\u00bb, rassure Serge Yanic Nana, Pr\u00e9sident et CEO de Financial Capital.<\/p>\n<p><strong>Lire aussi<\/strong> : <strong><a href=\"https:\/\/ecomatin.net\/passage-de-microfinance-a-banque-les-defis-qui-attendent-la-regionale-s-a\/\">Passage de microfinance \u00e0 banque : les d\u00e9fis qui attendent la R\u00e9gionale S.A<\/a><\/strong><\/p>\n<p><strong>Une op\u00e9ration digitalis\u00e9e<\/strong><\/p>\n<p>Pour cette campagne \u00a0financi\u00e8re, Charles Rollin Ombang, a mis\u00e9 sur la digitalisation de ses op\u00e9rations, une premi\u00e8re de genre. A travers un smartphone, une tablette ou encore un\u00a0ordinateur, chacun peut proc\u00e9der \u00e0 la souscription de l\u2019action \u00e0 travers le\u00a0site web. \u00ab\u00a0Pour cette op\u00e9ration, nous avons d\u00e9cid\u00e9 d\u2019innover, parce que la bourse, n\u2019\u00e9tait pas accessible pour monsieur et madame tout le monde. C\u2019\u00e9tait une culture peu connu de notre contexte. Et donc comment rendre accessible la bourse, et le meilleur moyen de toucher le plus grand nombre c\u2019est de le faire par le moyen moderne qui est offert aujourd\u2019hui, c\u2019est-\u00e0-dire le digital et internet, avec tout le volet s\u00e9curitaire\u00bb fait savoir le CEO de Financial Capital. Le projet de la R\u00e9gionale viendra la positionner comme 17eme challenger dans le secteur bancaire camerounais.<\/p>\n<p><strong>Evolution des actions<\/strong><\/p>\n<figure class=\"wp-block-table is-style-regular\">\n<table>\n<tbody readability=\"2\">\n<tr>\n<td><strong>Actionnaires<\/strong><\/td>\n<td><strong>Actions avant op\u00e9ration<\/strong><\/td>\n<td><strong>Pourcentage<\/strong><\/td>\n<td><strong>Actions post op\u00e9rations<\/strong><\/td>\n<td><strong>Pourcentage<\/strong><\/td>\n<\/tr>\n<tr readability=\"2\">\n<td>Charles Rollin Ombang Ekath<\/td>\n<td>512 693<\/td>\n<td>63,77%<\/td>\n<td>512 693<\/td>\n<td>51%27%<\/td>\n<\/tr>\n<tr readability=\"2\">\n<td>Nordic Microcap investment<\/td>\n<td>113 8 77<\/td>\n<td>14,16%<\/td>\n<td>113 877<\/td>\n<td>11,39%<\/td>\n<\/tr>\n<tr>\n<td>Autres actionnaires<\/td>\n<td>177 430<\/td>\n<td>22,07%<\/td>\n<td>177 430<\/td>\n<td>17,74%<\/td>\n<\/tr>\n<tr>\n<td>Flottant<\/td>\n<td>\u2013<\/td>\n<td>\u2013<\/td>\n<td>196 000<\/td>\n<td>19,60%<\/td>\n<\/tr>\n<tr>\n<td>Total<\/td>\n<td>804 000<\/td>\n<td>100,00%<\/td>\n<td>1\u00a0000 000<\/td>\n<td>100,00%<\/td>\n<\/tr>\n<\/tbody>\n<\/table><figcaption><strong>\u00a0Source\u00a0: La R\u00e9gionale\/Financial Capital<\/strong><\/figcaption><\/figure>\n<p>Auteur: Amina MALLOUM<br \/>\n<a href=\"https:\/\/ecomatin.net\/secteur-bancaire-les-details-de-la-levee-de-fonds-de-la-regionale-s-a\/\">Cliquez ici pour lire l&rsquo;article depuis sa source.<\/a><\/p>\n","protected":false},"excerpt":{"rendered":"<p>Au lendemain de son 28eme anniversaire, la R\u00e9gionale SA, tient le pari\u00a0 d\u2019\u00eatre la premi\u00e8re banque en Afrique centrale \u00e0 \u00a0\u00eatre cot\u00e9e \u00e0 la \u00a0bourse des valeurs mobili\u00e8res de l\u2019Afrique Centrale (Bvamc). Ceci s\u2019inscrit dans le cadre de son plan strat\u00e9gique 2021.\u00a0 La R\u00e9gionale envisage de proc\u00e9der \u00e0 une transformation institutionnelle en \u00e9tablissement de cr\u00e9dit, [&hellip;]<\/p>\n","protected":false},"author":1969,"featured_media":0,"comment_status":"closed","ping_status":"closed","sticky":false,"template":"","format":"standard","meta":{"fifu_image_url":"","fifu_image_alt":"","footnotes":""},"categories":[82,78],"tags":[],"class_list":["post-111208","post","type-post","status-publish","format-standard","hentry","category-cameroun","category-economie"],"_links":{"self":[{"href":"https:\/\/linitiative.ca\/International\/wp-json\/wp\/v2\/posts\/111208","targetHints":{"allow":["GET"]}}],"collection":[{"href":"https:\/\/linitiative.ca\/International\/wp-json\/wp\/v2\/posts"}],"about":[{"href":"https:\/\/linitiative.ca\/International\/wp-json\/wp\/v2\/types\/post"}],"author":[{"embeddable":true,"href":"https:\/\/linitiative.ca\/International\/wp-json\/wp\/v2\/users\/1969"}],"replies":[{"embeddable":true,"href":"https:\/\/linitiative.ca\/International\/wp-json\/wp\/v2\/comments?post=111208"}],"version-history":[{"count":0,"href":"https:\/\/linitiative.ca\/International\/wp-json\/wp\/v2\/posts\/111208\/revisions"}],"wp:attachment":[{"href":"https:\/\/linitiative.ca\/International\/wp-json\/wp\/v2\/media?parent=111208"}],"wp:term":[{"taxonomy":"category","embeddable":true,"href":"https:\/\/linitiative.ca\/International\/wp-json\/wp\/v2\/categories?post=111208"},{"taxonomy":"post_tag","embeddable":true,"href":"https:\/\/linitiative.ca\/International\/wp-json\/wp\/v2\/tags?post=111208"}],"curies":[{"name":"wp","href":"https:\/\/api.w.org\/{rel}","templated":true}]}}