{"id":111215,"date":"2021-02-14T09:26:27","date_gmt":"2021-02-14T14:26:27","guid":{"rendered":"https:\/\/linitiative.ca\/International\/%ef%bb%bfle-maroc-pour-le-renforcement-des-discussions-avec-les-pays-africains\/"},"modified":"2021-02-14T09:26:27","modified_gmt":"2021-02-14T14:26:27","slug":"%ef%bb%bfle-maroc-pour-le-renforcement-des-discussions-avec-les-pays-africains","status":"publish","type":"post","link":"https:\/\/linitiative.ca\/International\/%ef%bb%bfle-maroc-pour-le-renforcement-des-discussions-avec-les-pays-africains\/","title":{"rendered":"\ufeffLe Maroc pour le renforcement des discussions avec les pays Africains"},"content":{"rendered":"<p class=\"has-text-color has-vivid-red-color c1\"><strong>Sommet Mondial sur les syst\u00e8mes alimentaires<\/strong><\/p>\n<p class=\"has-text-color has-vivid-cyan-blue-color\"><strong>Le Maroc encourage le renforcement des discussions avec les pays Africains en vue de consolider leurs engagements dans le processus pr\u00e9paratoire du Sommet des Nations Unies sur les syst\u00e8mes Alimentaires pr\u00e9vu en 2021, a soulign\u00e9 vendredi l\u2019ambassadeur, repr\u00e9sentant Permanent du Maroc aupr\u00e8s des agences de l\u2019ONU \u00e0 Rome, Youssef Balla.<\/strong><\/p>\n<p>Intervenant lors de la r\u00e9union d\u2019information consacr\u00e9e au Sommet sur les Syst\u00e8mes Alimentaires tenue en pr\u00e9sence de Mme Agnes Kalibata, Envoy\u00e9e sp\u00e9ciale du secr\u00e9taire g\u00e9n\u00e9ral des Nations Unies, M. Balla a indiqu\u00e9 que les pays Africains sont en premi\u00e8re ligne des enjeux et d\u00e9fis les plus importants \u00e0 relever, en termes d\u2019ins\u00e9curit\u00e9 alimentaire, parit\u00e9 homme-femme et innovation adapt\u00e9e \u00e0 leurs moyens et contextes locaux.<\/p>\n<p>Tout en \u00e9mettant le souhait que les efforts consentis puissent aboutir \u00e0 des r\u00e9sultats probants et tangibles, permettant l\u2019acc\u00e9l\u00e9ration de l\u2019atteinte des OOD \u00e0 l\u2019horizon 2030, il a annonc\u00e9 que le Maroc a choisi de s\u2019investir dans la piste d\u2019action 3.<\/p>\n<p>Pour le diplomate marocain, \u00ab\u00a0ce choix n\u2019est pas anodin, car le Royaume a depuis longtemps fait de l\u2019\u00e9cologie ainsi que de la pr\u00e9servation de l\u2019environnement des priorit\u00e9s nationales, faisant le lien entre l\u2019agriculture, la r\u00e9silience des populations fragiles et la transition \u00e9nerg\u00e9tique\u00a0\u00bb.<\/p>\n<p>A cet effet, l\u2019ambassadeur du Maroc a insist\u00e9 sur l\u2019attention particuli\u00e8re qui devrait \u00eatre accord\u00e9e \u00e0 la pr\u00e9servation de la diversit\u00e9 des syst\u00e8mes alimentaires, ainsi qu\u2019au savoir ancestral qui rev\u00eat une importance capitale pour plusieurs pays.<\/p>\n<p>Pour rappel, le Maroc est membre du Comit\u00e9 Consultatif du Sommet charg\u00e9 de superviser le processus pr\u00e9paratoire et de conseiller Mme Agnes Kalibata, qui assure l\u2019encadrement et la direction strat\u00e9gique des activit\u00e9s organis\u00e9es en vue du Sommet et donne les indications n\u00e9cessaires \u00e0 ce sujet.<\/p>\n<p>Auteur: M&rsquo;hammed rahal<br \/>\n<a href=\"http:\/\/albayane.press.ma\/%EF%BB%BFle-maroc-pour-le-renforcement-des-discussions-avec-les-pays-africains.html\">Cliquez ici pour lire l&rsquo;article depuis sa source.<\/a><\/p>\n","protected":false},"excerpt":{"rendered":"<p>Sommet Mondial sur les syst\u00e8mes alimentaires Le Maroc encourage le renforcement des discussions avec les pays Africains en vue de consolider leurs engagements dans le processus pr\u00e9paratoire du Sommet des Nations Unies sur les syst\u00e8mes Alimentaires pr\u00e9vu en 2021, a soulign\u00e9 vendredi l\u2019ambassadeur, repr\u00e9sentant Permanent du Maroc aupr\u00e8s des agences de l\u2019ONU \u00e0 Rome, Youssef [&hellip;]<\/p>\n","protected":false},"author":1760,"featured_media":0,"comment_status":"closed","ping_status":"closed","sticky":false,"template":"","format":"standard","meta":{"fifu_image_url":"","fifu_image_alt":"","footnotes":""},"categories":[73,54],"tags":[],"class_list":["post-111215","post","type-post","status-publish","format-standard","hentry","category-actualite","category-maroc"],"_links":{"self":[{"href":"https:\/\/linitiative.ca\/International\/wp-json\/wp\/v2\/posts\/111215","targetHints":{"allow":["GET"]}}],"collection":[{"href":"https:\/\/linitiative.ca\/International\/wp-json\/wp\/v2\/posts"}],"about":[{"href":"https:\/\/linitiative.ca\/International\/wp-json\/wp\/v2\/types\/post"}],"author":[{"embeddable":true,"href":"https:\/\/linitiative.ca\/International\/wp-json\/wp\/v2\/users\/1760"}],"replies":[{"embeddable":true,"href":"https:\/\/linitiative.ca\/International\/wp-json\/wp\/v2\/comments?post=111215"}],"version-history":[{"count":0,"href":"https:\/\/linitiative.ca\/International\/wp-json\/wp\/v2\/posts\/111215\/revisions"}],"wp:attachment":[{"href":"https:\/\/linitiative.ca\/International\/wp-json\/wp\/v2\/media?parent=111215"}],"wp:term":[{"taxonomy":"category","embeddable":true,"href":"https:\/\/linitiative.ca\/International\/wp-json\/wp\/v2\/categories?post=111215"},{"taxonomy":"post_tag","embeddable":true,"href":"https:\/\/linitiative.ca\/International\/wp-json\/wp\/v2\/tags?post=111215"}],"curies":[{"name":"wp","href":"https:\/\/api.w.org\/{rel}","templated":true}]}}