{"id":111216,"date":"2021-02-14T09:29:32","date_gmt":"2021-02-14T14:29:32","guid":{"rendered":"https:\/\/linitiative.ca\/International\/le-maroc-ambitionne-datteindre-limmunite-collective-dans-une-duree-maximale-de-5-mois%ef%bb%bf\/"},"modified":"2021-02-14T09:29:32","modified_gmt":"2021-02-14T14:29:32","slug":"le-maroc-ambitionne-datteindre-limmunite-collective-dans-une-duree-maximale-de-5-mois%ef%bb%bf","status":"publish","type":"post","link":"https:\/\/linitiative.ca\/International\/le-maroc-ambitionne-datteindre-limmunite-collective-dans-une-duree-maximale-de-5-mois%ef%bb%bf\/","title":{"rendered":"Le Maroc ambitionne d\u2019atteindre l\u2019immunit\u00e9 collective dans une dur\u00e9e maximale de 5 mois\ufeff"},"content":{"rendered":"<p class=\"has-text-color has-vivid-red-color c1\"><strong>Vaccination\u00a0: une d\u00e9claration de Ait Taleb<\/strong><\/p>\n<p class=\"has-text-color has-vivid-cyan-blue-color\"><strong>Le Maroc ambitionne d\u2019achever l\u2019op\u00e9ration de vaccination dans 3 \u00e0 5 prochains mois, en vue d\u2019atteindre l\u2019immunit\u00e9 collective et assurer un retour \u00e0 la vie normale, a soulign\u00e9 vendredi \u00e0 B\u00e9ni Mellal, le ministre de la Sant\u00e9, Khalid Ait Taleb.<\/strong><\/p>\n<p>Dans une d\u00e9claration \u00e0 la MAP, en marge de sa visite \u00e0 plusieurs centres de vaccination dans la r\u00e9gion de B\u00e9ni Mellal-Khenifra \u00e0 l\u2019occasion du lancement de la campagne nationale de vaccination, M. Ait Taleb a expliqu\u00e9 que suivant la cadence avec laquelle se d\u00e9roule l\u2019op\u00e9ration de vaccination jusqu\u2019\u00e0 pr\u00e9sent et conform\u00e9ment au plan trac\u00e9 pour son d\u00e9roulement, l\u2019objectif \u00e0 atteindre lors des 3 \u00e0 5 prochains mois est de vacciner environ 30 millions de citoyens marocains, soit 80 % de la population et de parvenir \u00e0 une immunit\u00e9 collective, r\u00e9duisant ainsi les effets n\u00e9gatifs induits par la propagation de la pand\u00e9mie et assurer un retour \u00e0 la vie normale.<\/p>\n<p>Le Maroc, gr\u00e2ce aux Hautes Orientations et \u00e0 la Vision \u00e9clair\u00e9e de SM le Roi Mohammed VI a \u00e9t\u00e9 en mesure, depuis le lancement de la campagne nationale de vaccination, de fournir tous les moyens logistiques, techniques et organisationnels et d\u2019acqu\u00e9rir des quantit\u00e9s tr\u00e8s importantes de deux types de vaccin anti-Covid, a fait savoir le ministre de la Sant\u00e9, soulignant que l\u2019op\u00e9ration de vaccination se d\u00e9roule \u00ab\u00a0dans des conditions favorables\u00a0\u00bb.<\/p>\n<p>\u00c0 cet \u00e9gard, il a mentionn\u00e9 que l\u2019op\u00e9ration de vaccination a concern\u00e9, \u00e0 ce jour, plus d\u2019un million de citoyens marocains, pr\u00e9cisant que ce rythme augmenta au fur et \u00e0 mesure avec l\u2019augmentation des lots de vaccins attendus dans la mesure o\u00f9 l\u2019op\u00e9ration d\u2019administration de la deuxi\u00e8me dose du vaccin d\u00e9butera vendredi prochain.<\/p>\n<p>La visite dans la r\u00e9gion de B\u00e9ni Mellal s\u2019inscrit dans le cadre du suivi du d\u00e9roulement de la campagne nationale de vaccination, et \u00e0 assurer le succ\u00e8s de cette importante op\u00e9ration pour un retourner \u00e0 la vie normale et surmonter les r\u00e9percussions engendr\u00e9es par la propagation du Virus a-t-il dit.<\/p>\n<p>D\u2019autre part, et au sujet d\u2019autres types de virus, le ministre a expliqu\u00e9 que le Maroc m\u00e8ne une surveillance g\u00e9nomique pointue de toute nouvelle souche de ce virus \u00e0 travers quatre centres qui soumettent un rapport hebdomadaire \u00e0 cet \u00e9gard, d\u00e9plorant l\u2019enregistrement r\u00e9cemment de trois cas du variant britannique au Maroc, r\u00e9futant, toutefois, la d\u00e9tection au Royaume de toute autre souche, y compris celle sud-africaine.<\/p>\n<p>De son c\u00f4t\u00e9, le d\u00e9l\u00e9gu\u00e9 provincial de la Sant\u00e9 \u00e0 B\u00e9ni Mellal, Khalid Barhal, a salu\u00e9 les r\u00e9sultats obtenus dans le cadre de l\u2019op\u00e9ration de vaccination au niveau r\u00e9gional, indiquant le nombre total des personnes vaccin\u00e9es a d\u00e9pass\u00e9 les 20 mille \u00e0 ce jour.<\/p>\n<p>L\u2019op\u00e9ration a connu une acc\u00e9l\u00e9ration progressive de son rythme, dans la mesure o\u00f9 la r\u00e9gion compte actuellement 46 stations de vaccination op\u00e9rationnelles.<\/p>\n<p>La visite du ministre de la Sant\u00e9 a concern\u00e9 le centre de sant\u00e9 urbain du premier niveau d\u2019Ouled Hamdane, (Province de B\u00e9ni Mellal), le centre de sant\u00e9 rural de deuxi\u00e8me niveau \u00e0 Bardia (province de Fqih ben Saleh), le centre de sant\u00e9 rural de niveau 2 \u00e0 Ouled Azzouz, le centre de sant\u00e9 urbain du premier niveau \u00e0 Zaitouna (Khouribga).<\/p>\n<p>Au cours de cette visite, le ministre, qui \u00e9tait notamment accompagn\u00e9, du Wali de la r\u00e9gion de B\u00e9ni Mellal- Kh\u00e9nifra, a \u00e9t\u00e9 inform\u00e9 de l\u2019\u00e9tat d\u2019avancement de l\u2019op\u00e9ration de vaccination contre Covid-19 \u00e0 B\u00e9ni Mellal-Kh\u00e9nifra.<\/p>\n<p>Auteur: M&rsquo;hammed rahal<br \/>\n<a href=\"http:\/\/albayane.press.ma\/le-maroc-ambitionne-datteindre-limmunite-collective-dans-une-duree-maximale-de-5-mois%EF%BB%BF.html\">Cliquez ici pour lire l&rsquo;article depuis sa source.<\/a><\/p>\n","protected":false},"excerpt":{"rendered":"<p>Vaccination\u00a0: une d\u00e9claration de Ait Taleb Le Maroc ambitionne d\u2019achever l\u2019op\u00e9ration de vaccination dans 3 \u00e0 5 prochains mois, en vue d\u2019atteindre l\u2019immunit\u00e9 collective et assurer un retour \u00e0 la vie normale, a soulign\u00e9 vendredi \u00e0 B\u00e9ni Mellal, le ministre de la Sant\u00e9, Khalid Ait Taleb. Dans une d\u00e9claration \u00e0 la MAP, en marge de [&hellip;]<\/p>\n","protected":false},"author":1760,"featured_media":0,"comment_status":"closed","ping_status":"closed","sticky":false,"template":"","format":"standard","meta":{"fifu_image_url":"","fifu_image_alt":"","footnotes":""},"categories":[73,54],"tags":[],"class_list":["post-111216","post","type-post","status-publish","format-standard","hentry","category-actualite","category-maroc"],"_links":{"self":[{"href":"https:\/\/linitiative.ca\/International\/wp-json\/wp\/v2\/posts\/111216","targetHints":{"allow":["GET"]}}],"collection":[{"href":"https:\/\/linitiative.ca\/International\/wp-json\/wp\/v2\/posts"}],"about":[{"href":"https:\/\/linitiative.ca\/International\/wp-json\/wp\/v2\/types\/post"}],"author":[{"embeddable":true,"href":"https:\/\/linitiative.ca\/International\/wp-json\/wp\/v2\/users\/1760"}],"replies":[{"embeddable":true,"href":"https:\/\/linitiative.ca\/International\/wp-json\/wp\/v2\/comments?post=111216"}],"version-history":[{"count":0,"href":"https:\/\/linitiative.ca\/International\/wp-json\/wp\/v2\/posts\/111216\/revisions"}],"wp:attachment":[{"href":"https:\/\/linitiative.ca\/International\/wp-json\/wp\/v2\/media?parent=111216"}],"wp:term":[{"taxonomy":"category","embeddable":true,"href":"https:\/\/linitiative.ca\/International\/wp-json\/wp\/v2\/categories?post=111216"},{"taxonomy":"post_tag","embeddable":true,"href":"https:\/\/linitiative.ca\/International\/wp-json\/wp\/v2\/tags?post=111216"}],"curies":[{"name":"wp","href":"https:\/\/api.w.org\/{rel}","templated":true}]}}