{"id":111217,"date":"2021-02-14T09:53:41","date_gmt":"2021-02-14T14:53:41","guid":{"rendered":"https:\/\/linitiative.ca\/International\/nominations-royales\/"},"modified":"2021-02-14T09:53:41","modified_gmt":"2021-02-14T14:53:41","slug":"nominations-royales","status":"publish","type":"post","link":"https:\/\/linitiative.ca\/International\/nominations-royales\/","title":{"rendered":"Nominations royales"},"content":{"rendered":"<p class=\"has-text-color c1\"><strong>Le conseil des Ministres pr\u00e9sid\u00e9, jeudi 11 f\u00e9vrier \u00e0 F\u00e8s par le SM le Roi Mohammed Vi, a \u00e9t\u00e9 marqu\u00e9 par deux nominations \u00e0 la t\u00eate de la CNSS (Caisse Nationale de la S\u00e9curit\u00e9 Sociale) et l\u2019ONDA (Office National Des A\u00e9roports).<\/strong><\/p>\n<p>Conform\u00e9ment aux dispositions de l\u2019article 49 de la Constitution et sur proposition du Chef du Gouvernement, et \u00e0 l\u2019initiative de la ministre du Tourisme, de l\u2019Artisanat, du Transport a\u00e9rien et de l\u2019\u00c9conomie sociale, SM le Roi\u00a0<a href=\"http:\/\/www.maroc.ma\/\" target=\"_blank\" rel=\"noreferrer noopener\">Mohammed<\/a>\u00a0VI, a bien voulu nommer Habiba Laklalech, Directrice g\u00e9n\u00e9rale de l\u2019Office national des a\u00e9roports.<\/p>\n<p>Et \u00e0 l\u2019initiative du ministre du Travail et de l\u2019Insertion professionnelle, le Souverain a\u00a0<a href=\"http:\/\/www.ecoactu.ma\/\" target=\"_blank\" rel=\"noreferrer noopener\">nomm\u00e9<\/a>\u00a0Hassan Boubrik (actuellement pr\u00e9sident de l\u2019Autorit\u00e9 de contr\u00f4le des Assurances et de la pr\u00e9voyance Sociale (ACAPS), au poste de directeur g\u00e9n\u00e9ral de la Caisse Nationale de la s\u00e9curit\u00e9 sociale\u201d.<\/p>\n<p class=\"has-text-color has-vivid-cyan-blue-color\"><strong>Mme Habiba Laklalech, Directrice g\u00e9n\u00e9rale de l\u2019ONDA<\/strong><\/p>\n<div class=\"wp-block-image\">\n<figure class=\"alignright\"><img decoding=\"async\" src=\"http:\/\/albayane.press.ma\/wp-content\/uploads\/Habiba-Laklalech-P-2.png\" alt=\"\" class=\"wp-image-105420\"\/><\/figure>\n<\/div>\n<p>La nouvelle directrice g\u00e9n\u00e9ral de l\u2019ONDA est dipl\u00f4m\u00e9e de l\u2019Ecole Polytechnique et de l\u2019Ecole Nationale Sup\u00e9rieure des T\u00e9l\u00e9communications de Paris, Mme Laklalech a d\u00e9but\u00e9 sa carri\u00e8re en marketing dans de grandes entreprises de production de biens de grande consommation, ainsi que dans les t\u00e9l\u00e9communications.<\/p>\n<p>Elle a ensuite rejoint la compagnie nationale Royal Air Maroc (RAM) o\u00f9 elle a occup\u00e9 de nombreux postes de responsabilit\u00e9 en finance, commercial, juridique avant d\u2019occuper le poste de directrice g\u00e9n\u00e9rale adjointe depuis 2009.<\/p>\n<p class=\"has-text-color has-vivid-cyan-blue-color\"><strong>Hassan Boubrik, nouveau directeur g\u00e9n\u00e9ral de la CNSS<\/strong><\/p>\n<div class=\"wp-block-image\">\n<figure class=\"alignright\"><img decoding=\"async\" src=\"http:\/\/albayane.press.ma\/wp-content\/uploads\/RDC-2-hassan-boubrik-CNSS.jpg\" alt=\"\" class=\"wp-image-105421\" srcset=\"http:\/\/albayane.press.ma\/wp-content\/uploads\/RDC-2-hassan-boubrik-CNSS.jpg 294w, http:\/\/albayane.press.ma\/wp-content\/uploads\/RDC-2-hassan-boubrik-CNSS-230x130.jpg 230w\" sizes=\"(max-width: 294px) 100vw, 294px\"\/><\/figure>\n<\/div>\n<p>De son c\u00f4t\u00e9, M. Hassan Boubrik que SM le Roi a nomm\u00e9 comme nouveau directeur g\u00e9n\u00e9ral de la CNSS, occupait le poste de pr\u00e9sident de l\u2019Autorit\u00e9 de Contr\u00f4le des Assurances et de la Pr\u00e9voyance Sociale.<\/p>\n<p>Il occupait le poste de directeur des Assurances et de la Pr\u00e9voyance Sociale au Minist\u00e8re de l\u2019Economie et des Finances, depuis janvier 2011.<\/p>\n<p>\u00a0M. Hassan Boubrik est titulaire d\u2019un dipl\u00f4me de statisticien-\u00e9conomiste de l\u2019Ecole Nationale de la Statistique et de l\u2019Administration Economique de Paris. Apr\u00e8s, une premi\u00e8re exp\u00e9rience au Minist\u00e8re de l\u2019Economie et des Finances o\u00f9 il a occup\u00e9 plusieurs postes de responsabilit\u00e9, il a rejoint la Caisse de D\u00e9p\u00f4t et de Gestion (CDG). Au sein de la CDG,<\/p>\n<p>\u00a0Il a occup\u00e9 plusieurs postes de responsabilit\u00e9, notamment, celui d\u2019Administrateur Directeur G\u00e9n\u00e9ral de CDG Capital, de Secr\u00e9taire G\u00e9n\u00e9ral de la CDG et de Directeur G\u00e9n\u00e9ral de CDG D\u00e9veloppement. Monsieur BOUBRIK est Membre du comit\u00e9 ex\u00e9cutif de l\u2019Association Internationale des Contr\u00f4leurs d\u2019Assurance (AICA).<\/p>\n<p>Auteur: M&rsquo;hammed rahal<br \/>\n<a href=\"http:\/\/albayane.press.ma\/nominations-royales.html\">Cliquez ici pour lire l&rsquo;article depuis sa source.<\/a><\/p>\n","protected":false},"excerpt":{"rendered":"<p>Le conseil des Ministres pr\u00e9sid\u00e9, jeudi 11 f\u00e9vrier \u00e0 F\u00e8s par le SM le Roi Mohammed Vi, a \u00e9t\u00e9 marqu\u00e9 par deux nominations \u00e0 la t\u00eate de la CNSS (Caisse Nationale de la S\u00e9curit\u00e9 Sociale) et l\u2019ONDA (Office National Des A\u00e9roports). Conform\u00e9ment aux dispositions de l\u2019article 49 de la Constitution et sur proposition du Chef [&hellip;]<\/p>\n","protected":false},"author":1760,"featured_media":0,"comment_status":"closed","ping_status":"closed","sticky":false,"template":"","format":"standard","meta":{"fifu_image_url":"http:\/\/albayane.press.ma\/wp-content\/uploads\/Habiba-Laklalech-P-2.png","fifu_image_alt":"Nominations royales","footnotes":""},"categories":[73,54],"tags":[],"class_list":["post-111217","post","type-post","status-publish","format-standard","hentry","category-actualite","category-maroc"],"_links":{"self":[{"href":"https:\/\/linitiative.ca\/International\/wp-json\/wp\/v2\/posts\/111217","targetHints":{"allow":["GET"]}}],"collection":[{"href":"https:\/\/linitiative.ca\/International\/wp-json\/wp\/v2\/posts"}],"about":[{"href":"https:\/\/linitiative.ca\/International\/wp-json\/wp\/v2\/types\/post"}],"author":[{"embeddable":true,"href":"https:\/\/linitiative.ca\/International\/wp-json\/wp\/v2\/users\/1760"}],"replies":[{"embeddable":true,"href":"https:\/\/linitiative.ca\/International\/wp-json\/wp\/v2\/comments?post=111217"}],"version-history":[{"count":0,"href":"https:\/\/linitiative.ca\/International\/wp-json\/wp\/v2\/posts\/111217\/revisions"}],"wp:attachment":[{"href":"https:\/\/linitiative.ca\/International\/wp-json\/wp\/v2\/media?parent=111217"}],"wp:term":[{"taxonomy":"category","embeddable":true,"href":"https:\/\/linitiative.ca\/International\/wp-json\/wp\/v2\/categories?post=111217"},{"taxonomy":"post_tag","embeddable":true,"href":"https:\/\/linitiative.ca\/International\/wp-json\/wp\/v2\/tags?post=111217"}],"curies":[{"name":"wp","href":"https:\/\/api.w.org\/{rel}","templated":true}]}}