{"id":111219,"date":"2021-02-14T10:13:23","date_gmt":"2021-02-14T15:13:23","guid":{"rendered":"https:\/\/linitiative.ca\/International\/%ef%bb%bfle-maroc-sindigne-face-a-la-perte-de-la-raison\/"},"modified":"2021-02-14T10:13:23","modified_gmt":"2021-02-14T15:13:23","slug":"%ef%bb%bfle-maroc-sindigne-face-a-la-perte-de-la-raison","status":"publish","type":"post","link":"https:\/\/linitiative.ca\/International\/%ef%bb%bfle-maroc-sindigne-face-a-la-perte-de-la-raison\/","title":{"rendered":"\ufeffLe Maroc s\u2019indigne face \u00e0 la perte de la raison"},"content":{"rendered":"<p class=\"has-text-color has-vivid-red-color c1\"><strong>Nouvelle d\u00e9rive du pouvoir alg\u00e9rien<\/strong><\/p>\n<p class=\"c2\"><strong>Mohamed Khalil<\/strong><\/p>\n<p class=\"has-text-color c3\"><strong>D\u00e9cid\u00e9ment rien n\u2019arr\u00eate le pouvoir alg\u00e9rien dans sa haine envers le Maroc, et ce depuis plus de 54 ann\u00e9es. Le pouvoir en kaki ne semble pas avoir d\u2019autres pr\u00e9occupations que de nuire \u00e0 l\u2019image d\u2019un Maroc qui fait des efforts pour marcher vers le progr\u00e8s multiforme.<\/strong><\/p>\n<div class=\"wp-block-image\">\n<figure class=\"aligncenter is-resized\"><img loading=\"lazy\" decoding=\"async\" src=\"http:\/\/albayane.press.ma\/wp-content\/uploads\/visite_mohamed_vi_afrique.jpg\" alt=\"\" class=\"wp-image-105427\" width=\"558\" height=\"330\"\/><\/figure>\n<\/div>\n<p><strong>Les m\u00e9dias \u00e0 la solde de la soldatesque alg\u00e9rienne, \u00e0 commencer par son agence officielle APS et les pseudos-journalistes au service des services s\u00e9curitaires militaires, font feu de tout bois pour cracher leurs mensonges et haine contre le Maroc, son peuple et ses institutions sacr\u00e9es.<\/strong><\/p>\n<p><strong>La derni\u00e8re fourn\u00e9e est venue de la part de la t\u00e9l\u00e9vision Echourouk d\u2019Alger, une t\u00e9l\u00e9 dont le fondateur avait \u00e9t\u00e9 arr\u00eat\u00e9, en 2019 en plein \u00abHirak\u00bb populaire contre le r\u00e9gime militaire alg\u00e9rien. Ce m\u00e9dia a \u00e9t\u00e9 vite r\u00e9cup\u00e9r\u00e9 par les services s\u00e9curitaires militaires, apr\u00e8s le d\u00e9c\u00e8s de son patron Ali El Fodil.<\/strong><\/p>\n<p><strong>Ainsi, en plus de la guerre invent\u00e9e par les militaires, qui n\u2019existe que dans l\u2019imaginaire de ses auteurs, l\u2019on passe \u00e0 la pseudo-caricature et satire pour maquiller les faits et d\u00e9naturer la r\u00e9alit\u00e9, en recourant aux mani\u00e8res les plus abjectes pour d\u00e9naturer les positions officielles marocaines\u2026<\/strong><\/p>\n<p><strong>Face \u00e0 cette hyst\u00e9rie m\u00e9diatique, la r\u00e9ponse du Maroc ne s\u2019est pas fait attendre. L\u2019indignation est totale et la riposte est \u00e9nergique.<\/strong><\/p>\n<p><strong>De la classe politique aux organismes m\u00e9diatiques, en passant par les intellectuels, les experts et la soci\u00e9t\u00e9 civile, c\u2019est le raz-de-mar\u00e9e contre une pratique honteuse du voisinage, de la fraternit\u00e9 et du vivre en soci\u00e9t\u00e9 commune. La condamnation est sans appel.<\/strong><\/p>\n<p><strong>Le Secr\u00e9taire g\u00e9n\u00e9ral du PPS<\/strong> <strong>Nabil Benabdallah a estim\u00e9 que \u00ab\u00a0l<\/strong><strong>e recours par certains m\u00e9dias manipul\u00e9s par des milieux alg\u00e9riens d\u00e9pit\u00e9s par leurs r\u00e9cents revers successifs \u00e0 des proc\u00e9d\u00e9s indignes et ridicules, portant atteinte au symbole de la nation marocaine, est l\u2019expression m\u00eame de la perte de toute raison et d\u2019une quelconque \u00e9thique\u00bb.<\/strong><\/p>\n<p><strong>La profession n\u2019\u00e9tait pas du reste. Le CNP, la FMEJ, \u00a0le SNPM et l\u2019ANME ont vivement d\u00e9nonc\u00e9 le comportement \u00abirresponsable\u00bb.<\/strong><\/p>\n<p>Auteur: M&rsquo;hammed rahal<br \/>\n<a href=\"http:\/\/albayane.press.ma\/%EF%BB%BFle-maroc-sindigne-face-a-la-perte-de-la-raison.html\">Cliquez ici pour lire l&rsquo;article depuis sa source.<\/a><\/p>\n","protected":false},"excerpt":{"rendered":"<p>Nouvelle d\u00e9rive du pouvoir alg\u00e9rien Mohamed Khalil D\u00e9cid\u00e9ment rien n\u2019arr\u00eate le pouvoir alg\u00e9rien dans sa haine envers le Maroc, et ce depuis plus de 54 ann\u00e9es. Le pouvoir en kaki ne semble pas avoir d\u2019autres pr\u00e9occupations que de nuire \u00e0 l\u2019image d\u2019un Maroc qui fait des efforts pour marcher vers le progr\u00e8s multiforme. Les m\u00e9dias [&hellip;]<\/p>\n","protected":false},"author":1760,"featured_media":0,"comment_status":"closed","ping_status":"closed","sticky":false,"template":"","format":"standard","meta":{"fifu_image_url":"http:\/\/albayane.press.ma\/wp-content\/uploads\/visite_mohamed_vi_afrique.jpg","fifu_image_alt":"\ufeffLe Maroc s\u2019indigne face \u00e0 la perte de la raison","footnotes":""},"categories":[73,54],"tags":[],"class_list":["post-111219","post","type-post","status-publish","format-standard","hentry","category-actualite","category-maroc"],"_links":{"self":[{"href":"https:\/\/linitiative.ca\/International\/wp-json\/wp\/v2\/posts\/111219","targetHints":{"allow":["GET"]}}],"collection":[{"href":"https:\/\/linitiative.ca\/International\/wp-json\/wp\/v2\/posts"}],"about":[{"href":"https:\/\/linitiative.ca\/International\/wp-json\/wp\/v2\/types\/post"}],"author":[{"embeddable":true,"href":"https:\/\/linitiative.ca\/International\/wp-json\/wp\/v2\/users\/1760"}],"replies":[{"embeddable":true,"href":"https:\/\/linitiative.ca\/International\/wp-json\/wp\/v2\/comments?post=111219"}],"version-history":[{"count":0,"href":"https:\/\/linitiative.ca\/International\/wp-json\/wp\/v2\/posts\/111219\/revisions"}],"wp:attachment":[{"href":"https:\/\/linitiative.ca\/International\/wp-json\/wp\/v2\/media?parent=111219"}],"wp:term":[{"taxonomy":"category","embeddable":true,"href":"https:\/\/linitiative.ca\/International\/wp-json\/wp\/v2\/categories?post=111219"},{"taxonomy":"post_tag","embeddable":true,"href":"https:\/\/linitiative.ca\/International\/wp-json\/wp\/v2\/tags?post=111219"}],"curies":[{"name":"wp","href":"https:\/\/api.w.org\/{rel}","templated":true}]}}