{"id":111221,"date":"2021-02-14T07:20:00","date_gmt":"2021-02-14T12:20:00","guid":{"rendered":"https:\/\/linitiative.ca\/International\/lancement-du-service-lundi\/"},"modified":"2021-02-14T07:20:00","modified_gmt":"2021-02-14T12:20:00","slug":"lancement-du-service-lundi","status":"publish","type":"post","link":"https:\/\/linitiative.ca\/International\/lancement-du-service-lundi\/","title":{"rendered":"Lancement du service lundi"},"content":{"rendered":"<div id=\"originalText\" readability=\"61\">\n<p class=\"c6\">Le dispositif de demande et de retrait \u00e0 distance de la version \u00e9lectronique du casier judiciaire sera lanc\u00e9 officiellement lundi au si\u00e8ge de la Direction g\u00e9n\u00e9rale de la modernisation de la justice \u00e0 Bir Mourad Rais, a indiqu\u00e9 dimanche un communiqu\u00e9 du minist\u00e8re de la Justice.<\/p>\n<p class=\"c6\">\u00ab\u00a0Dans le cadre de la concr\u00e9tisation de la modernisation des prestations judiciaires, adopt\u00e9e par le minist\u00e8re de la Justice en mati\u00e8re de simplification des d\u00e9marches d&rsquo;obtention \u00e0 distance des documents de justice, il sera proc\u00e9d\u00e9 au lancement officiel du dispositif de demande et de retrait \u00e0 distance du casier judiciaire (bulletin N 3), lundi 15 f\u00e9vrier 2021, \u00e0 partir de 10h00, au si\u00e8ge de la Direction g\u00e9n\u00e9rale de la modernisation de la justice \u00e0 Bir Mourad Rais\u00a0\u00bb, lit-on dans le communiqu\u00e9.<\/p>\n<p class=\"c6\">Devenant d\u00e9sormais \u00ab\u00a0enti\u00e8rement \u00e9lectronique\u00a0\u00bb, ce service \u00ab\u00a0\u00e9pargnera au citoyen la contrainte du d\u00e9placement vers l&rsquo;enceinte judiciaire, et ce au titre du programme de num\u00e9risation et de modernisation de la structure d&rsquo;\u00e9tat civil et de l&rsquo;am\u00e9lioration du service public dans le secteur de la Justice\u00a0\u00bb.<\/p>\n<p class=\"c6\">Ce service, qui vise \u00e9galement \u00e0 \u00a0\u00bb renforcer les m\u00e9canismes \u00e0 m\u00eame de rapprocher l&rsquo;Administration du citoyen, figure parmi les plus importants axes prioritaires que le Gouvernement a tenu \u00e0 concr\u00e9tiser en mati\u00e8re d&rsquo;e-gouvernance et de lutte contre la bureaucratie\u00a0\u00bb, indique-t-on dans le communiqu\u00e9.<\/p>\n<p class=\"c7\"><strong>APS<\/strong><\/p>\n<\/div>\n<div id=\"text_core\" readability=\"61\">\n<p class=\"c6\">Le dispositif de demande et de retrait \u00e0 distance de la version \u00e9lectronique du casier judiciaire sera lanc\u00e9 officiellement lundi au si\u00e8ge de la Direction g\u00e9n\u00e9rale de la modernisation de la justice \u00e0 Bir Mourad Rais, a indiqu\u00e9 dimanche un communiqu\u00e9 du minist\u00e8re de la Justice.<\/p>\n<p class=\"c6\">\u00ab\u00a0Dans le cadre de la concr\u00e9tisation de la modernisation des prestations judiciaires, adopt\u00e9e par le minist\u00e8re de la Justice en mati\u00e8re de simplification des d\u00e9marches d&rsquo;obtention \u00e0 distance des documents de justice, il sera proc\u00e9d\u00e9 au lancement officiel du dispositif de demande et de retrait \u00e0 distance du casier judiciaire (bulletin N 3), lundi 15 f\u00e9vrier 2021, \u00e0 partir de 10h00, au si\u00e8ge de la Direction g\u00e9n\u00e9rale de la modernisation de la justice \u00e0 Bir Mourad Rais\u00a0\u00bb, lit-on dans le communiqu\u00e9.<\/p>\n<p class=\"c6\">Devenant d\u00e9sormais \u00ab\u00a0enti\u00e8rement \u00e9lectronique\u00a0\u00bb, ce service \u00ab\u00a0\u00e9pargnera au citoyen la contrainte du d\u00e9placement vers l&rsquo;enceinte judiciaire, et ce au titre du programme de num\u00e9risation et de modernisation de la structure d&rsquo;\u00e9tat civil et de l&rsquo;am\u00e9lioration du service public dans le secteur de la Justice\u00a0\u00bb.<\/p>\n<p class=\"c6\">Ce service, qui vise \u00e9galement \u00e0 \u00a0\u00bb renforcer les m\u00e9canismes \u00e0 m\u00eame de rapprocher l&rsquo;Administration du citoyen, figure parmi les plus importants axes prioritaires que le Gouvernement a tenu \u00e0 concr\u00e9tiser en mati\u00e8re d&rsquo;e-gouvernance et de lutte contre la bureaucratie\u00a0\u00bb, indique-t-on dans le communiqu\u00e9.<\/p>\n<p class=\"c7\"><strong>APS<\/strong><\/p>\n<\/div>\n<p>Auteur:<br \/>\n<a href=\"https:\/\/www.liberte-algerie.com\/actualite\/lancement-du-service-lundi-354042\">Cliquez ici pour lire l&rsquo;article depuis sa source.<\/a><\/p>\n","protected":false},"excerpt":{"rendered":"<p>Le dispositif de demande et de retrait \u00e0 distance de la version \u00e9lectronique du casier judiciaire sera lanc\u00e9 officiellement lundi au si\u00e8ge de la Direction g\u00e9n\u00e9rale de la modernisation de la justice \u00e0 Bir Mourad Rais, a indiqu\u00e9 dimanche un communiqu\u00e9 du minist\u00e8re de la Justice. \u00ab\u00a0Dans le cadre de la concr\u00e9tisation de la modernisation [&hellip;]<\/p>\n","protected":false},"author":1742,"featured_media":0,"comment_status":"closed","ping_status":"closed","sticky":false,"template":"","format":"standard","meta":{"fifu_image_url":"","fifu_image_alt":"","footnotes":""},"categories":[73,53],"tags":[],"class_list":["post-111221","post","type-post","status-publish","format-standard","hentry","category-actualite","category-algerie"],"_links":{"self":[{"href":"https:\/\/linitiative.ca\/International\/wp-json\/wp\/v2\/posts\/111221","targetHints":{"allow":["GET"]}}],"collection":[{"href":"https:\/\/linitiative.ca\/International\/wp-json\/wp\/v2\/posts"}],"about":[{"href":"https:\/\/linitiative.ca\/International\/wp-json\/wp\/v2\/types\/post"}],"author":[{"embeddable":true,"href":"https:\/\/linitiative.ca\/International\/wp-json\/wp\/v2\/users\/1742"}],"replies":[{"embeddable":true,"href":"https:\/\/linitiative.ca\/International\/wp-json\/wp\/v2\/comments?post=111221"}],"version-history":[{"count":0,"href":"https:\/\/linitiative.ca\/International\/wp-json\/wp\/v2\/posts\/111221\/revisions"}],"wp:attachment":[{"href":"https:\/\/linitiative.ca\/International\/wp-json\/wp\/v2\/media?parent=111221"}],"wp:term":[{"taxonomy":"category","embeddable":true,"href":"https:\/\/linitiative.ca\/International\/wp-json\/wp\/v2\/categories?post=111221"},{"taxonomy":"post_tag","embeddable":true,"href":"https:\/\/linitiative.ca\/International\/wp-json\/wp\/v2\/tags?post=111221"}],"curies":[{"name":"wp","href":"https:\/\/api.w.org\/{rel}","templated":true}]}}