{"id":111224,"date":"2021-02-14T11:00:00","date_gmt":"2021-02-14T16:00:00","guid":{"rendered":"https:\/\/linitiative.ca\/International\/le-ffs-pose-des-conditions-et-avertit-contre-les-consequences-dune-nouvelle-abstention-populaire\/"},"modified":"2021-02-14T11:00:00","modified_gmt":"2021-02-14T16:00:00","slug":"le-ffs-pose-des-conditions-et-avertit-contre-les-consequences-dune-nouvelle-abstention-populaire","status":"publish","type":"post","link":"https:\/\/linitiative.ca\/International\/le-ffs-pose-des-conditions-et-avertit-contre-les-consequences-dune-nouvelle-abstention-populaire\/","title":{"rendered":"Le FFS pose des conditions et avertit contre les cons\u00e9quences d\u2019une \u00abnouvelle abstention populaire\u00bb"},"content":{"rendered":"<div id=\"originalText\" readability=\"74\">\n<p>Le Front des forces socialistes, qui a rencontr\u00e9, ce dimanche, le pr\u00e9sident Abdelmadjid Tebboune, a insist\u00e9 sur la n\u00e9cessit\u00e9 de prendre \u00ab des mesures politiques fortes\u00a0\u00bb pour \u00ab\u00a0redonner confiance aux alg\u00e9riennes et aux alg\u00e9riens\u00a0\u00bb,\u00a0 \u00e0 travers \u00ab\u00a0une volont\u00e9 politique r\u00e9elle\u00a0\u00bb pour \u00abinstaurer le changement souhait\u00e9\u00a0\u00bb.<\/p>\n<p>R\u00e9pondant ainsi \u00e0 une invitation du Chef de l\u2019Etat, le FFS pr\u00e9cise dans un communiqu\u00e9 rendu public, cet apr\u00e8s-midi, \u00a0avoir soumis \u00e0 Abdelmadjid Tebboune une s\u00e9rie de \u00ab\u00a0mesures urgentes\u00a0\u00bb, \u00e0 savoir\u00a0: \u00ab\u00a0la lib\u00e9ration des d\u00e9tenus d&rsquo;opinion \u00bb, \u00ab\u00a0l\u2019ouverture du champ politique et m\u00e9diatique\u00a0\u00bb, \u00ab\u00a0la lev\u00e9e des restrictions sur l\u2019exercices des libert\u00e9s fondamentales, individuelles et collectives\u00a0\u00bb et le \u00ab\u00a0respect des droits de l\u2019homme\u00a0\u00bb.<\/p>\n<p>Le premier secr\u00e9taire du parti, Youcef Aouchiche, et le cadre dirigeant et membre de l\u2019instance pr\u00e9sidentielle du parti, Hakim Belahcel, ont saisi \u00e9galement l\u2019occasion pour exposer \u00e0 Abdelmadjid Tebboune les grandes lignes de l\u2019initiative du FFS, \u00a0portant \u00ab\u00a0convention politique nationale\u00a0\u00bb. C\u2019est \u00e0 cet effet que les deux responsables ont fait part au pr\u00e9sident, selon toujours le m\u00eame communiqu\u00e9, de leur \u00ab\u00a0conviction\u00a0\u00bb que \u00ab\u00a0\u00ab\u00a0seul un dialogue politique s\u00e9rieux, responsable et transparent\u00a0\u00bb est \u00e0 m\u00eame de \u00ab\u00a0renforcer le front interne\u00a0\u00bb pour mettre en \u00e9chec \u00ab\u00a0toutes tentatives externes et internes touchant \u00e0 la souverainet\u00e9 nationale et \u00e0 l\u2019unit\u00e9 du peuple alg\u00e9rien\u00a0\u00bb.<\/p>\n<p>Dans leurs \u00e9changes avec le chef de l\u2019Etat, souligne enfin le FFS, Youcef Aouchiche et Hakim Belahcel ont \u00abavertit\u00a0\u00bb contre les \u00ab\u00a0risques d\u2019une nouvelle abstention populaire\u00a0\u00bb et ses \u00ab\u00a0cons\u00e9quences sur la coh\u00e9sion nationale\u00a0\u00bb, dans le cas o\u00f9 de nouvelles \u00e9lections sont engag\u00e9es dans un \u00ab\u00a0climat agit\u00e9\u00a0\u00bb, marqu\u00e9 par les \u00ab\u00a0atteintes aux libert\u00e9s politiques\u00a0\u00bb\u00a0 et sans prise en charge des \u00ab\u00a0revendications populaires\u00a0\u00bb. \u00a0<\/p>\n<p class=\"c6\"><strong>R\u00e9daction Web<\/strong><\/p>\n<\/div>\n<div id=\"text_core\" readability=\"74\">\n<p>Le Front des forces socialistes, qui a rencontr\u00e9, ce dimanche, le pr\u00e9sident Abdelmadjid Tebboune, a insist\u00e9 sur la n\u00e9cessit\u00e9 de prendre \u00ab des mesures politiques fortes\u00a0\u00bb pour \u00ab\u00a0redonner confiance aux alg\u00e9riennes et aux alg\u00e9riens\u00a0\u00bb,\u00a0 \u00e0 travers \u00ab\u00a0une volont\u00e9 politique r\u00e9elle\u00a0\u00bb pour \u00abinstaurer le changement souhait\u00e9\u00a0\u00bb.<\/p>\n<p>R\u00e9pondant ainsi \u00e0 une invitation du Chef de l\u2019Etat, le FFS pr\u00e9cise dans un communiqu\u00e9 rendu public, cet apr\u00e8s-midi, \u00a0avoir soumis \u00e0 Abdelmadjid Tebboune une s\u00e9rie de \u00ab\u00a0mesures urgentes\u00a0\u00bb, \u00e0 savoir\u00a0: \u00ab\u00a0la lib\u00e9ration des d\u00e9tenus d&rsquo;opinion \u00bb, \u00ab\u00a0l\u2019ouverture du champ politique et m\u00e9diatique\u00a0\u00bb, \u00ab\u00a0la lev\u00e9e des restrictions sur l\u2019exercices des libert\u00e9s fondamentales, individuelles et collectives\u00a0\u00bb et le \u00ab\u00a0respect des droits de l\u2019homme\u00a0\u00bb.<\/p>\n<p>Le premier secr\u00e9taire du parti, Youcef Aouchiche, et le cadre dirigeant et membre de l\u2019instance pr\u00e9sidentielle du parti, Hakim Belahcel, ont saisi \u00e9galement l\u2019occasion pour exposer \u00e0 Abdelmadjid Tebboune les grandes lignes de l\u2019initiative du FFS, \u00a0portant \u00ab\u00a0convention politique nationale\u00a0\u00bb. C\u2019est \u00e0 cet effet que les deux responsables ont fait part au pr\u00e9sident, selon toujours le m\u00eame communiqu\u00e9, de leur \u00ab\u00a0conviction\u00a0\u00bb que \u00ab\u00a0\u00ab\u00a0seul un dialogue politique s\u00e9rieux, responsable et transparent\u00a0\u00bb est \u00e0 m\u00eame de \u00ab\u00a0renforcer le front interne\u00a0\u00bb pour mettre en \u00e9chec \u00ab\u00a0toutes tentatives externes et internes touchant \u00e0 la souverainet\u00e9 nationale et \u00e0 l\u2019unit\u00e9 du peuple alg\u00e9rien\u00a0\u00bb.<\/p>\n<p>Dans leurs \u00e9changes avec le chef de l\u2019Etat, souligne enfin le FFS, Youcef Aouchiche et Hakim Belahcel ont \u00abavertit\u00a0\u00bb contre les \u00ab\u00a0risques d\u2019une nouvelle abstention populaire\u00a0\u00bb et ses \u00ab\u00a0cons\u00e9quences sur la coh\u00e9sion nationale\u00a0\u00bb, dans le cas o\u00f9 de nouvelles \u00e9lections sont engag\u00e9es dans un \u00ab\u00a0climat agit\u00e9\u00a0\u00bb, marqu\u00e9 par les \u00ab\u00a0atteintes aux libert\u00e9s politiques\u00a0\u00bb\u00a0 et sans prise en charge des \u00ab\u00a0revendications populaires\u00a0\u00bb. \u00a0<\/p>\n<p class=\"c6\"><strong>R\u00e9daction Web<\/strong><\/p>\n<\/div>\n<p>Auteur:<br \/>\n<a href=\"https:\/\/www.liberte-algerie.com\/actualite\/le-ffs-pose-des-conditions-et-avertit-contre-les-consequences-dune-nouvelle-abstention-populaire-354047\">Cliquez ici pour lire l&rsquo;article depuis sa source.<\/a><\/p>\n","protected":false},"excerpt":{"rendered":"<p>Le Front des forces socialistes, qui a rencontr\u00e9, ce dimanche, le pr\u00e9sident Abdelmadjid Tebboune, a insist\u00e9 sur la n\u00e9cessit\u00e9 de prendre \u00ab des mesures politiques fortes\u00a0\u00bb pour \u00ab\u00a0redonner confiance aux alg\u00e9riennes et aux alg\u00e9riens\u00a0\u00bb,\u00a0 \u00e0 travers \u00ab\u00a0une volont\u00e9 politique r\u00e9elle\u00a0\u00bb pour \u00abinstaurer le changement souhait\u00e9\u00a0\u00bb. R\u00e9pondant ainsi \u00e0 une invitation du Chef de l\u2019Etat, le [&hellip;]<\/p>\n","protected":false},"author":1742,"featured_media":0,"comment_status":"closed","ping_status":"closed","sticky":false,"template":"","format":"standard","meta":{"fifu_image_url":"","fifu_image_alt":"","footnotes":""},"categories":[73,53],"tags":[],"class_list":["post-111224","post","type-post","status-publish","format-standard","hentry","category-actualite","category-algerie"],"_links":{"self":[{"href":"https:\/\/linitiative.ca\/International\/wp-json\/wp\/v2\/posts\/111224","targetHints":{"allow":["GET"]}}],"collection":[{"href":"https:\/\/linitiative.ca\/International\/wp-json\/wp\/v2\/posts"}],"about":[{"href":"https:\/\/linitiative.ca\/International\/wp-json\/wp\/v2\/types\/post"}],"author":[{"embeddable":true,"href":"https:\/\/linitiative.ca\/International\/wp-json\/wp\/v2\/users\/1742"}],"replies":[{"embeddable":true,"href":"https:\/\/linitiative.ca\/International\/wp-json\/wp\/v2\/comments?post=111224"}],"version-history":[{"count":0,"href":"https:\/\/linitiative.ca\/International\/wp-json\/wp\/v2\/posts\/111224\/revisions"}],"wp:attachment":[{"href":"https:\/\/linitiative.ca\/International\/wp-json\/wp\/v2\/media?parent=111224"}],"wp:term":[{"taxonomy":"category","embeddable":true,"href":"https:\/\/linitiative.ca\/International\/wp-json\/wp\/v2\/categories?post=111224"},{"taxonomy":"post_tag","embeddable":true,"href":"https:\/\/linitiative.ca\/International\/wp-json\/wp\/v2\/tags?post=111224"}],"curies":[{"name":"wp","href":"https:\/\/api.w.org\/{rel}","templated":true}]}}