{"id":111226,"date":"2021-02-14T09:48:00","date_gmt":"2021-02-14T14:48:00","guid":{"rendered":"https:\/\/linitiative.ca\/International\/presentation-dun-livre-sur-la-singularite-du-droit-hebraique\/"},"modified":"2021-02-14T09:48:00","modified_gmt":"2021-02-14T14:48:00","slug":"presentation-dun-livre-sur-la-singularite-du-droit-hebraique","status":"publish","type":"post","link":"https:\/\/linitiative.ca\/International\/presentation-dun-livre-sur-la-singularite-du-droit-hebraique\/","title":{"rendered":"Pr\u00e9sentation d\u2019un livre sur la singularit\u00e9 du droit h\u00e9bra\u00efque"},"content":{"rendered":"<div readability=\"40\">\n<p>Essaouira \u2013 \u00ab\u00a0Quand le Maroc donne du sens \u00e0 sa diversit\u00e9 : la singularit\u00e9 du droit h\u00e9bra\u00efque au Maroc\u00a0\u00bb est l\u2019intitul\u00e9 d\u2019un livre dont la pr\u00e9sentation s\u2019est d\u00e9roul\u00e9e, samedi \u00e0 \u00ab\u00a0Bayt Dakira\u00a0\u00bb, en pr\u00e9sence de M. Andr\u00e9 Azoulay, Conseiller de SM le Roi et pr\u00e9sident-fondateur de l\u2019Association Essaouira-Mogador, ainsi que d\u2019un parterre d\u2019universitaires, de chercheurs et d\u2019acteurs issus de divers horizons.<\/p>\n<\/div>\n<div readability=\"146\">\n<p>L\u2019ouvrage, pr\u00e9sent\u00e9 lors de la 6\u00e8 Rencontre scientifique, initi\u00e9e par le Centre d\u2019Etudes et de Recherches sur le Droit H\u00e9bra\u00efque au Maroc, conjointement avec la Fondation Konrad-Adenauer au Maroc, l\u2019Association Essaouira-Mogador et \u00ab\u00a0Bayt Dakira\u00a0\u00bb, sous le th\u00e8me \u00ab\u00a0Quand la diversit\u00e9 marocaine s\u2019invite au c\u0153ur des Humanit\u00e9s\u00a0\u00bb, est publi\u00e9 par la Fondation allemande sous la direction de MM. Steffen Kr\u00fcger, Repr\u00e9sentant R\u00e9sident de ladite Fondation, Abdellah Ouzitane et Farid El Bacha, respectivement pr\u00e9sident-fondateur et pr\u00e9sident-ex\u00e9cutif dudit Centre.<\/p>\n<p>Il comprend, entre autres, des extraits de Discours et de Messages de Sa Majest\u00e9 le Roi Mohammed VI, notamment \u00e0 l\u2019occasion de l\u2019accueil officiel de Sa Saintet\u00e9 le Pape Fran\u00e7ois \u00e0 Rabat en mars 2019, aux participants au sommet de l\u2019UNESCO sur \u00ab\u00a0le pouvoir de l\u2019\u00e9ducation pour pr\u00e9venir le racisme et la discrimination : le cas de l\u2019antis\u00e9mitisme\u00a0\u00bb \u00e0 New York en septembre 2018, \u00e0 l\u2019occasion de la remise du Prix de la libert\u00e9 \u00ab\u00a0Martin Luther King Jr-Rabbin Abraham Joshua Heschel\u00a0\u00bb d\u00e9cern\u00e9 \u00e0 titre posthume \u00e0 Feu SM Mohammed V (en d\u00e9cembre 2015 \u00e0 New York), ou lors de la conf\u00e9rence de lancement du projet \u00ab\u00a0Aladin\u00a0\u00bb \u00e0 Paris en mars 2009.<\/p>\n<p>Le Livre, illustr\u00e9 de photos de la visite historique effectu\u00e9e par le Souverain \u00e0 \u00ab\u00a0Bayt Dakira\u00a0\u00bb, pr\u00e9sente \u00e9galement au lecteur des extraits d\u2019interventions de M. Andr\u00e9 Azoulay, Conseiller de SM le Roi et pr\u00e9sident-fondateur de l\u2019Association Essaouira-Mogador lors de ses participations \u00e0 diverses rencontres et diff\u00e9rents s\u00e9minaires aussi bien \u00e0 Essaouira que dans d\u2019autres villes du Royaume.<\/p>\n<p>Dans un mot publi\u00e9 dans cet ouvrage, M. Kr\u00fcger souligne que la pr\u00e9sente publication synth\u00e9tise les r\u00e9sultats obtenus jusqu\u2019\u00e0 maintenant gr\u00e2ce \u00e0 l\u2019\u00e9troite coop\u00e9ration entre la Fondation et le Centre, marqu\u00e9e par l\u2019organisation de rencontres \u00e0 \u00ab\u00a0Bayt Dakira\u00a0\u00bb sur le r\u00f4le du Droit h\u00e9bra\u00efque au Maroc et sur les traditions aff\u00e9rentes, notant que les textes pr\u00e9sent\u00e9s retracent les recherches men\u00e9es jusqu\u2019ici dans le domaine du Droit h\u00e9bra\u00efque dans le Royaume, en mettant l\u2019accent sur les initiatives dans le sens de l\u2019\u00e9change et du dialogue.<\/p>\n<p>Il indique aussi qu&rsquo;\u00a0\u00bbau Maroc, la tradition juive et sa coexistence avec l\u2019Islam repose sur une longue histoire. Les deux cultures sont intimement li\u00e9es depuis des si\u00e8cles\u00a0\u00bb, pr\u00e9cisant que \u00ab\u00a0Bayt Dakira apporte une contribution au dialogue et au travail d\u2019information mutuels\u00a0\u00bb.<\/p>\n<p>\u00ab\u00a0Ce centre de recherches historiques, culturelles et spirituelles a pour objectif la pr\u00e9servation de la m\u00e9moire juive d\u2019Essaouira. Un tel lieu comm\u00e9morant la longue histoire \u00e0 la fois juive et musulmane d\u2019Essaouira, la destin\u00e9e souvent peu commune des juifs de Mogador et leurs relations, au fil des si\u00e8cles, avec les populations musulmanes, est unique en son genre au sud de la M\u00e9diterran\u00e9e et en terre d\u2019Islam\u00a0\u00bb, affirme M. Kr\u00fcger.<\/p>\n<p>De son c\u00f4t\u00e9, M. Ouzitane \u00e9crit que \u00ab\u00a0la compr\u00e9hension des enjeux de cette singularit\u00e9 marocaine ainsi que sa promotion est une responsabilit\u00e9 que nous partageons tous, car toute culture est enrichie par ses racines historiques\u00a0\u00bb, relevant que le Royaume \u00ab\u00a0a choisi la diversit\u00e9, non pas par r\u00e9signation fataliste ou pour donner satisfaction \u00e0 certains param\u00e8tres conventionnels, mais nous l\u2019avons fait car notre attachement \u00e0 notre commune Humanit\u00e9 transcende toute autre consid\u00e9ration\u00a0\u00bb.<\/p>\n<p>\u00ab\u00a0Les \u0153uvres les plus marquantes au Maroc, notamment \u00e0 Essaouira et dans plusieurs villes du Royaume, sont produites gr\u00e2ce au respect des cultures et des religions. Juifs et Musulmans l\u00e8guent un h\u00e9ritage magnifique aux g\u00e9n\u00e9rations \u00e0 venir. Le Royaume s\u2019est nourri de cet h\u00e9ritage et a additionn\u00e9 \u00e0 son esth\u00e9tique une sensibilit\u00e9 encore plus riche\u00a0\u00bb, poursuit-il, expliquant que \u00ab\u00a0cette r\u00e9alit\u00e9 de la diversit\u00e9 se nourrit d\u2019un savoir et d\u2019un h\u00e9ritage culturel extraordinaire qui illustre parfaitement le sentiment d\u2019appartenance \u00e0 des valeurs communes, constituant un marqueur de l\u2019identit\u00e9 marocaine\u00a0\u00bb.<\/p>\n<p>\u00ab\u00a0Nous consacrerons \u00e0 cet engagement toute notre \u00e9nergie et sans rel\u00e2che. Tenter de contribuer ensemble, modestement, \u00e0 la construction du monde de demain. Nos trajectoires, musulmans, juifs et chr\u00e9tiens, doivent emprunter le m\u00eame chemin, un seul celui de la paix. C\u2019est possible et nous en sommes convaincus\u00a0\u00bb, soutient-il dans ce livre agr\u00e9ment\u00e9 aussi de photos de \u00ab\u00a0Bayt Dakira\u00a0\u00bb.<\/p>\n<p>Fruit d\u2019un travail collaboratif et collectif, cet ouvrage regroupe aussi une s\u00e9rie d\u2019articles r\u00e9dig\u00e9s par d\u2019\u00e9minents chercheurs et professeurs universitaires autour de plusieurs th\u00e8mes, dont \u00ab\u00a0Le Centre d\u2019Etudes et de Recherches sur le Droit h\u00e9bra\u00efque au Maroc: une expression singuli\u00e8re d\u2019un Maroc terre de paix, de concorde et de coexistence\u00a0\u00bb, \u00ab\u00a0Paix et tol\u00e9rance dans la pens\u00e9e et l\u2019action de SM le Roi\u00a0\u00bb, \u00ab\u00a0La structure de la loi Halakhique, fondement et champ d\u2019application g\u00e9n\u00e9ral\u00a0\u00bb et \u00ab\u00a0La positivisation, standardisation et densification des normes en contexte islamique: R\u00e9flexions \u00e0 propos de la gouvernance en Afrique du Nord et de l\u2019Ouest\u00a0\u00bb.<\/p>\n<p>\u00ab\u00a0Pr\u00e9sentation g\u00e9n\u00e9rale de l\u2019Institut INSANIA\u00a0\u00bb, \u00ab\u00a0La tradition orale jud\u00e9o-amazighe: un patrimoine culturel singulier\u00a0\u00bb, \u00ab\u00a0Principe rabbinique d\u2019interpr\u00e9tation juridique\u00a0\u00bb et \u00ab\u00a0From protected to nationals. Changes in the legal status of Jews in Twentieth century Morocco\u00a0\u00bb sont \u00e9galement parmi les textes regroup\u00e9s dans cette nouvelle publication.<\/p>\n<p>En marge de la pr\u00e9sentation de ce livre, il a \u00e9t\u00e9 proc\u00e9d\u00e9 \u00e0 la signature d\u2019une convention de coop\u00e9ration entre le Centre d\u2019Etudes et de Recherches sur le Droit H\u00e9bra\u00efque au Maroc et la Fondation Konrad Adenauer, repr\u00e9sent\u00e9s respectivement par MM. Ouzitane et Kr\u00fcger.<\/p>\n<\/div>\n<p>Auteur: Meriem IGASS<br \/>\n<a href=\"http:\/\/www.mapmarrakech.ma\/fr\/presentation-dun-livre-sur-la-singularite-du-droit-hebraique-au-maroc\/\">Cliquez ici pour lire l&rsquo;article depuis sa source.<\/a><\/p>\n","protected":false},"excerpt":{"rendered":"<p>Essaouira \u2013 \u00ab\u00a0Quand le Maroc donne du sens \u00e0 sa diversit\u00e9 : la singularit\u00e9 du droit h\u00e9bra\u00efque au Maroc\u00a0\u00bb est l\u2019intitul\u00e9 d\u2019un livre dont la pr\u00e9sentation s\u2019est d\u00e9roul\u00e9e, samedi \u00e0 \u00ab\u00a0Bayt Dakira\u00a0\u00bb, en pr\u00e9sence de M. Andr\u00e9 Azoulay, Conseiller de SM le Roi et pr\u00e9sident-fondateur de l\u2019Association Essaouira-Mogador, ainsi que d\u2019un parterre d\u2019universitaires, de chercheurs [&hellip;]<\/p>\n","protected":false},"author":1788,"featured_media":0,"comment_status":"closed","ping_status":"closed","sticky":false,"template":"","format":"standard","meta":{"fifu_image_url":"","fifu_image_alt":"","footnotes":""},"categories":[54,76],"tags":[],"class_list":["post-111226","post","type-post","status-publish","format-standard","hentry","category-maroc","category-regions"],"_links":{"self":[{"href":"https:\/\/linitiative.ca\/International\/wp-json\/wp\/v2\/posts\/111226","targetHints":{"allow":["GET"]}}],"collection":[{"href":"https:\/\/linitiative.ca\/International\/wp-json\/wp\/v2\/posts"}],"about":[{"href":"https:\/\/linitiative.ca\/International\/wp-json\/wp\/v2\/types\/post"}],"author":[{"embeddable":true,"href":"https:\/\/linitiative.ca\/International\/wp-json\/wp\/v2\/users\/1788"}],"replies":[{"embeddable":true,"href":"https:\/\/linitiative.ca\/International\/wp-json\/wp\/v2\/comments?post=111226"}],"version-history":[{"count":0,"href":"https:\/\/linitiative.ca\/International\/wp-json\/wp\/v2\/posts\/111226\/revisions"}],"wp:attachment":[{"href":"https:\/\/linitiative.ca\/International\/wp-json\/wp\/v2\/media?parent=111226"}],"wp:term":[{"taxonomy":"category","embeddable":true,"href":"https:\/\/linitiative.ca\/International\/wp-json\/wp\/v2\/categories?post=111226"},{"taxonomy":"post_tag","embeddable":true,"href":"https:\/\/linitiative.ca\/International\/wp-json\/wp\/v2\/tags?post=111226"}],"curies":[{"name":"wp","href":"https:\/\/api.w.org\/{rel}","templated":true}]}}