{"id":111229,"date":"2021-02-14T03:54:14","date_gmt":"2021-02-14T08:54:14","guid":{"rendered":"https:\/\/linitiative.ca\/International\/chtouka-ait-baha-un-mort-dans-lincendie-dun-marche\/"},"modified":"2021-02-14T03:54:14","modified_gmt":"2021-02-14T08:54:14","slug":"chtouka-ait-baha-un-mort-dans-lincendie-dun-marche","status":"publish","type":"post","link":"https:\/\/linitiative.ca\/International\/chtouka-ait-baha-un-mort-dans-lincendie-dun-marche\/","title":{"rendered":"Chtouka Ait Baha: Un mort dans l&rsquo;incendie d&rsquo;un march\u00e9"},"content":{"rendered":"<p class=\"rtejustify\">Une personne a trouv\u00e9 la mort dans un incendie qui s&rsquo;est d\u00e9clar\u00e9 dans la nuit de vendredi \u00e0 samedi au march\u00e9 de la commune Belfaa (province de Chtouka-A\u00eft Baha), ont indiqu\u00e9 les autorit\u00e9s locales. L\u2019incendie qui s\u2019est produit suite \u00e0 l\u2019explosion de deux bonbonnes de gaz a caus\u00e9 d\u2019importantes pertes mat\u00e9rielles, pr\u00e9cisent-elles. Une enqu\u00eate a \u00e9t\u00e9 lanc\u00e9e pour d\u00e9terminer les circonstances de cet accident mortel.<\/p>\n<p class=\"rtejustify\">\u00a0<\/p>\n<p>Auteur: hgueye<br \/>\n<a href=\"https:\/\/www.leconomiste.com\/flash-infos\/chtouka-ait-baha-un-mort-dans-l-incendie-d-un-marche\">Cliquez ici pour lire l&rsquo;article depuis sa source.<\/a><\/p>\n","protected":false},"excerpt":{"rendered":"<p>Une personne a trouv\u00e9 la mort dans un incendie qui s&rsquo;est d\u00e9clar\u00e9 dans la nuit de vendredi \u00e0 samedi au march\u00e9 de la commune Belfaa (province de Chtouka-A\u00eft Baha), ont indiqu\u00e9 les autorit\u00e9s locales. L\u2019incendie qui s\u2019est produit suite \u00e0 l\u2019explosion de deux bonbonnes de gaz a caus\u00e9 d\u2019importantes pertes mat\u00e9rielles, pr\u00e9cisent-elles. Une enqu\u00eate a [&hellip;]<\/p>\n","protected":false},"author":1763,"featured_media":0,"comment_status":"closed","ping_status":"closed","sticky":false,"template":"","format":"standard","meta":{"fifu_image_url":"","fifu_image_alt":"","footnotes":""},"categories":[78,54],"tags":[],"class_list":["post-111229","post","type-post","status-publish","format-standard","hentry","category-economie","category-maroc"],"_links":{"self":[{"href":"https:\/\/linitiative.ca\/International\/wp-json\/wp\/v2\/posts\/111229","targetHints":{"allow":["GET"]}}],"collection":[{"href":"https:\/\/linitiative.ca\/International\/wp-json\/wp\/v2\/posts"}],"about":[{"href":"https:\/\/linitiative.ca\/International\/wp-json\/wp\/v2\/types\/post"}],"author":[{"embeddable":true,"href":"https:\/\/linitiative.ca\/International\/wp-json\/wp\/v2\/users\/1763"}],"replies":[{"embeddable":true,"href":"https:\/\/linitiative.ca\/International\/wp-json\/wp\/v2\/comments?post=111229"}],"version-history":[{"count":0,"href":"https:\/\/linitiative.ca\/International\/wp-json\/wp\/v2\/posts\/111229\/revisions"}],"wp:attachment":[{"href":"https:\/\/linitiative.ca\/International\/wp-json\/wp\/v2\/media?parent=111229"}],"wp:term":[{"taxonomy":"category","embeddable":true,"href":"https:\/\/linitiative.ca\/International\/wp-json\/wp\/v2\/categories?post=111229"},{"taxonomy":"post_tag","embeddable":true,"href":"https:\/\/linitiative.ca\/International\/wp-json\/wp\/v2\/tags?post=111229"}],"curies":[{"name":"wp","href":"https:\/\/api.w.org\/{rel}","templated":true}]}}