{"id":111231,"date":"2021-02-14T07:39:07","date_gmt":"2021-02-14T12:39:07","guid":{"rendered":"https:\/\/linitiative.ca\/International\/lassociation-fes-saiss-condamne-les-agissements-de-la-presse-algerienne\/"},"modified":"2021-02-14T07:39:07","modified_gmt":"2021-02-14T12:39:07","slug":"lassociation-fes-saiss-condamne-les-agissements-de-la-presse-algerienne","status":"publish","type":"post","link":"https:\/\/linitiative.ca\/International\/lassociation-fes-saiss-condamne-les-agissements-de-la-presse-algerienne\/","title":{"rendered":"L&rsquo;association F\u00e8s-Sa\u00efss condamne les agissements de la presse alg\u00e9rienne"},"content":{"rendered":"<p class=\"rtejustify\">\u00ab\u00a0L&rsquo;Association F\u00e8s-Sa\u00efss condamne vigoureusement les agissements de la presse alg\u00e9rienne contre les symboles de l&rsquo;Etat du Maroc\u00a0\u00bb, a fait savoir dimanche Hassan Slighoua, pr\u00e9sident-d\u00e9l\u00e9gu\u00e9 de l&rsquo;ONG et pr\u00e9sident de son bureau de F\u00e8s. Ce dernier estime que ces attaques sont \u00ab\u00a0des actes qui refl\u00e8tent l\u2019immaturit\u00e9 de leurs auteurs\u00a0\u00bb, ajoutant que \u00ab\u00a0la soci\u00e9t\u00e9 civile, aux c\u00f4t\u00e9s de tous les Marocains, aiment SM le Roi que Dieu L\u2019assiste et le glorifie\u00a0\u00bb et d\u00e9noncent vigoureusement et unanimement toute action diffamatoire et outrageuse\u00a0\u00bb. \u00ab\u00a0Ils doivent comprendre que nous sommes tous mobilis\u00e9s pour d\u00e9fendre notre Souverain par tous les moyens\u00a0\u00bb, rench\u00e9rit Slighoua.<\/p>\n<p class=\"rtejustify\">Pour rappel, il y a quelques jours le Chef de la diplomatie marocaine avait \u00e9voqu\u00e9 \u00abla mobilisation de toutes les composantes\u00bb du voisin de l\u2019Est autour du conflit du Sahara, notamment l\u2019agence de presse officielle alg\u00e9rienne, qui consacre pas moins de 7 d\u00e9p\u00eaches par jour \u00e0 ce sujet. \u00ab\u00a0Ils font de l\u2019affaire du Sahara une v\u00e9ritable cause nationale. Jamais aucun autre conflit n\u2019a \u00e9t\u00e9 exploit\u00e9 de la m\u00eame mani\u00e8re, y compris celui de la cause palestinienne\u00a0\u00bb, s\u2019\u00e9tait \u00e9tonn\u00e9 le ministre Nasser Bourita. Mais, il semble que la presse de nos \u00ab\u00a0voisins\u00a0\u00bb n&rsquo;a pas retenu la le\u00e7on.<\/p>\n<p class=\"rtejustify\"><em>Y.S.A.<\/em><\/p>\n<p>Auteur: hgueye<br \/>\n<a href=\"https:\/\/www.leconomiste.com\/flash-infos\/l-association-fes-saiss-condamne-les-agissements-de-la-presse-algerienne\">Cliquez ici pour lire l&rsquo;article depuis sa source.<\/a><\/p>\n","protected":false},"excerpt":{"rendered":"<p>\u00ab\u00a0L&rsquo;Association F\u00e8s-Sa\u00efss condamne vigoureusement les agissements de la presse alg\u00e9rienne contre les symboles de l&rsquo;Etat du Maroc\u00a0\u00bb, a fait savoir dimanche Hassan Slighoua, pr\u00e9sident-d\u00e9l\u00e9gu\u00e9 de l&rsquo;ONG et pr\u00e9sident de son bureau de F\u00e8s. Ce dernier estime que ces attaques sont \u00ab\u00a0des actes qui refl\u00e8tent l\u2019immaturit\u00e9 de leurs auteurs\u00a0\u00bb, ajoutant que \u00ab\u00a0la soci\u00e9t\u00e9 civile, aux c\u00f4t\u00e9s [&hellip;]<\/p>\n","protected":false},"author":1763,"featured_media":0,"comment_status":"closed","ping_status":"closed","sticky":false,"template":"","format":"standard","meta":{"fifu_image_url":"","fifu_image_alt":"","footnotes":""},"categories":[78,54],"tags":[],"class_list":["post-111231","post","type-post","status-publish","format-standard","hentry","category-economie","category-maroc"],"_links":{"self":[{"href":"https:\/\/linitiative.ca\/International\/wp-json\/wp\/v2\/posts\/111231","targetHints":{"allow":["GET"]}}],"collection":[{"href":"https:\/\/linitiative.ca\/International\/wp-json\/wp\/v2\/posts"}],"about":[{"href":"https:\/\/linitiative.ca\/International\/wp-json\/wp\/v2\/types\/post"}],"author":[{"embeddable":true,"href":"https:\/\/linitiative.ca\/International\/wp-json\/wp\/v2\/users\/1763"}],"replies":[{"embeddable":true,"href":"https:\/\/linitiative.ca\/International\/wp-json\/wp\/v2\/comments?post=111231"}],"version-history":[{"count":0,"href":"https:\/\/linitiative.ca\/International\/wp-json\/wp\/v2\/posts\/111231\/revisions"}],"wp:attachment":[{"href":"https:\/\/linitiative.ca\/International\/wp-json\/wp\/v2\/media?parent=111231"}],"wp:term":[{"taxonomy":"category","embeddable":true,"href":"https:\/\/linitiative.ca\/International\/wp-json\/wp\/v2\/categories?post=111231"},{"taxonomy":"post_tag","embeddable":true,"href":"https:\/\/linitiative.ca\/International\/wp-json\/wp\/v2\/tags?post=111231"}],"curies":[{"name":"wp","href":"https:\/\/api.w.org\/{rel}","templated":true}]}}