{"id":111233,"date":"2021-02-14T12:02:13","date_gmt":"2021-02-14T17:02:13","guid":{"rendered":"https:\/\/linitiative.ca\/International\/covid19-339-nouveaux-cas-17-deces-1-388-539-vaccines\/"},"modified":"2021-02-14T12:02:13","modified_gmt":"2021-02-14T17:02:13","slug":"covid19-339-nouveaux-cas-17-deces-1-388-539-vaccines","status":"publish","type":"post","link":"https:\/\/linitiative.ca\/International\/covid19-339-nouveaux-cas-17-deces-1-388-539-vaccines\/","title":{"rendered":"Covid19: 339 nouveaux cas, 17 d\u00e9c\u00e8s, 1.388.539 vaccin\u00e9s"},"content":{"rendered":"<p class=\"rtejustify\">Le Maroc a enregistr\u00e9 339 nouveaux cas de Covid19 durant les derni\u00e8res 24 heures, ce qui porte le total \u00e0 478.474 cas confirm\u00e9s, d&rsquo;apr\u00e8s le nouveau bilan du minist\u00e8re de la Sant\u00e9 de ce dimanche 14 f\u00e9vrier 2021. Le nombre de personnes vaccin\u00e9es se chiffre \u00e0 , indique \u00e9galement le minist\u00e8re.<\/p>\n<p class=\"rtejustify\">Casablanca-Settat a enregistr\u00e9 128 nouveaux cas, alors que la r\u00e9gion de l&rsquo;Oriental\u00a0en compte 54. Au total, 7.779 nouveaux tests ont \u00e9t\u00e9 r\u00e9alis\u00e9s.<\/p>\n<p class=\"rtejustify\">Quant au nombre de d\u00e9c\u00e8s, il s&rsquo;\u00e9tablit \u00e0 8.477, soit 17 morts de plus en 24 heures (taux de l\u00e9talit\u00e9 1,8%), alors que 348 nouvelles gu\u00e9risons ont \u00e9t\u00e9 recens\u00e9es, soit au total\u00a0458;852 (taux de gu\u00e9rison 96%).<\/p>\n<p class=\"rtejustify\">Le nombre de cas encore actifs atteint 11;145, dont\u00a0472 s\u00e9v\u00e8res. Parmi ces derniers, 37 sont sous intubation, alors 256 que sont sous ventilation non invasive. Par ailleurs, le taux d&rsquo;occupation des lits d\u00e9di\u00e9s au Covid-19 atteint 15%.<\/p>\n<blockquote readability=\"4.75\">\n<p class=\"rtejustify\"><strong>Pour plus de d\u00e9tails, voir l&rsquo;\u00e9volution en temps r\u00e9el de l&rsquo;\u00e9pid\u00e9mie sur <a href=\"https:\/\/www.leconomiste.com\/covid19\/\">https:\/\/www.leconomiste.com\/covid19\/<\/a><\/strong><\/p>\n<\/blockquote>\n<p>Auteur: hgueye<br \/>\n<a href=\"https:\/\/www.leconomiste.com\/flash-infos\/covid19-nouveaux-cas-deces-vaccines\">Cliquez ici pour lire l&rsquo;article depuis sa source.<\/a><\/p>\n","protected":false},"excerpt":{"rendered":"<p>Le Maroc a enregistr\u00e9 339 nouveaux cas de Covid19 durant les derni\u00e8res 24 heures, ce qui porte le total \u00e0 478.474 cas confirm\u00e9s, d&rsquo;apr\u00e8s le nouveau bilan du minist\u00e8re de la Sant\u00e9 de ce dimanche 14 f\u00e9vrier 2021. Le nombre de personnes vaccin\u00e9es se chiffre \u00e0 , indique \u00e9galement le minist\u00e8re. Casablanca-Settat a enregistr\u00e9 128 [&hellip;]<\/p>\n","protected":false},"author":1763,"featured_media":0,"comment_status":"closed","ping_status":"closed","sticky":false,"template":"","format":"standard","meta":{"fifu_image_url":"","fifu_image_alt":"","footnotes":""},"categories":[78,54],"tags":[],"class_list":["post-111233","post","type-post","status-publish","format-standard","hentry","category-economie","category-maroc"],"_links":{"self":[{"href":"https:\/\/linitiative.ca\/International\/wp-json\/wp\/v2\/posts\/111233","targetHints":{"allow":["GET"]}}],"collection":[{"href":"https:\/\/linitiative.ca\/International\/wp-json\/wp\/v2\/posts"}],"about":[{"href":"https:\/\/linitiative.ca\/International\/wp-json\/wp\/v2\/types\/post"}],"author":[{"embeddable":true,"href":"https:\/\/linitiative.ca\/International\/wp-json\/wp\/v2\/users\/1763"}],"replies":[{"embeddable":true,"href":"https:\/\/linitiative.ca\/International\/wp-json\/wp\/v2\/comments?post=111233"}],"version-history":[{"count":0,"href":"https:\/\/linitiative.ca\/International\/wp-json\/wp\/v2\/posts\/111233\/revisions"}],"wp:attachment":[{"href":"https:\/\/linitiative.ca\/International\/wp-json\/wp\/v2\/media?parent=111233"}],"wp:term":[{"taxonomy":"category","embeddable":true,"href":"https:\/\/linitiative.ca\/International\/wp-json\/wp\/v2\/categories?post=111233"},{"taxonomy":"post_tag","embeddable":true,"href":"https:\/\/linitiative.ca\/International\/wp-json\/wp\/v2\/tags?post=111233"}],"curies":[{"name":"wp","href":"https:\/\/api.w.org\/{rel}","templated":true}]}}