{"id":111234,"date":"2021-02-14T15:14:06","date_gmt":"2021-02-14T20:14:06","guid":{"rendered":"https:\/\/linitiative.ca\/International\/pros-ol-delort-trolle-encore-juninho\/"},"modified":"2021-02-14T15:14:06","modified_gmt":"2021-02-14T20:14:06","slug":"pros-ol-delort-trolle-encore-juninho","status":"publish","type":"post","link":"https:\/\/linitiative.ca\/International\/pros-ol-delort-trolle-encore-juninho\/","title":{"rendered":"Pros : OL: Delort trolle encore Juninho"},"content":{"rendered":"<div readability=\"32\">\n<p>Auteur : <span class=\"time\">dimanche 14 f\u00e9vrier 2021 15:48<\/span><\/p>\n<\/div>\n<div id=\"post_core\" readability=\"49\">\n<p>\u00ab\u00a0Ici, c&rsquo;est comme \u00e7a, \u00e7a balance devant, il n&rsquo;y a pas beaucoup de football\u00a0\u00bb. Battu \u00e0 Montpellier (1-2) en septembre au match aller, le directeur sportif de l\u2019Olympique Lyonnais, Juninho, y \u00e9tait all\u00e9 de sa pique au sujet du style de jeu pratiqu\u00e9 par les hommes de Michel Der Zakarian. A l\u2019issue du nouveau succ\u00e8s du MHSC (2-1), dans le Rh\u00f4ne cette fois, samedi dans le cadre de la 25e journ\u00e9e de Ligue 1, l\u2019attaquant h\u00e9raultais, Andy Delort, n\u2019a pas pu s\u2019emp\u00eacher de r\u00e9pondre au dirigeant: \u00ab\u00a0+3 points et sans balancer. Dormez bien\u00a0\u00bb, a gliss\u00e9 sur Twitter l\u2019international alg\u00e9rien, passeur d\u00e9cisif pour T\u00e9ji Savanier sur l\u2019ouverture du score. R\u00e9put\u00e9 pour son franc-parler, le Montpelli\u00e9rain avait d\u00e9j\u00e0 piqu\u00e9 les Lyonnais \u00e0 l\u2019issue du match aller. Et il est vrai que le MHSC a affich\u00e9 un visage globalement s\u00e9duisant au Groupama Stadium rapporte Maxifoot.fr.<\/p>\n<p><strong>Publi\u00e9 dans :<\/strong> <span>OL<\/span> <span>Delort<\/span><\/p>\n<\/div>\n<p>Auteur:<br \/>\n<a href=\"http:\/\/www.lebuteur.com\/article\/detail?titre=ol-delort-trolle-encore-juninho&#038;id=99068&#038;utm_source=feedburner&#038;utm_medium=feed&#038;utm_campaign=Feed%3A+GalerieFArtciles+%28Les+derniers+articles++-+lebuteur.com%29\">Cliquez ici pour lire l&rsquo;article depuis sa source.<\/a><\/p>\n","protected":false},"excerpt":{"rendered":"<p>Auteur : dimanche 14 f\u00e9vrier 2021 15:48 \u00ab\u00a0Ici, c&rsquo;est comme \u00e7a, \u00e7a balance devant, il n&rsquo;y a pas beaucoup de football\u00a0\u00bb. Battu \u00e0 Montpellier (1-2) en septembre au match aller, le directeur sportif de l\u2019Olympique Lyonnais, Juninho, y \u00e9tait all\u00e9 de sa pique au sujet du style de jeu pratiqu\u00e9 par les hommes de Michel [&hellip;]<\/p>\n","protected":false},"author":1738,"featured_media":0,"comment_status":"closed","ping_status":"closed","sticky":false,"template":"","format":"standard","meta":{"fifu_image_url":"\/\/cdn.lebuteur.com\/data\/images\/article\/thumbs\/large-ol-delort-trolle-encore-juninho-9cbc1.jpg","fifu_image_alt":"Pros : OL: Delort trolle encore Juninho","footnotes":""},"categories":[53,75],"tags":[],"class_list":["post-111234","post","type-post","status-publish","format-standard","hentry","category-algerie","category-sport"],"_links":{"self":[{"href":"https:\/\/linitiative.ca\/International\/wp-json\/wp\/v2\/posts\/111234","targetHints":{"allow":["GET"]}}],"collection":[{"href":"https:\/\/linitiative.ca\/International\/wp-json\/wp\/v2\/posts"}],"about":[{"href":"https:\/\/linitiative.ca\/International\/wp-json\/wp\/v2\/types\/post"}],"author":[{"embeddable":true,"href":"https:\/\/linitiative.ca\/International\/wp-json\/wp\/v2\/users\/1738"}],"replies":[{"embeddable":true,"href":"https:\/\/linitiative.ca\/International\/wp-json\/wp\/v2\/comments?post=111234"}],"version-history":[{"count":0,"href":"https:\/\/linitiative.ca\/International\/wp-json\/wp\/v2\/posts\/111234\/revisions"}],"wp:attachment":[{"href":"https:\/\/linitiative.ca\/International\/wp-json\/wp\/v2\/media?parent=111234"}],"wp:term":[{"taxonomy":"category","embeddable":true,"href":"https:\/\/linitiative.ca\/International\/wp-json\/wp\/v2\/categories?post=111234"},{"taxonomy":"post_tag","embeddable":true,"href":"https:\/\/linitiative.ca\/International\/wp-json\/wp\/v2\/tags?post=111234"}],"curies":[{"name":"wp","href":"https:\/\/api.w.org\/{rel}","templated":true}]}}