{"id":111235,"date":"2021-02-14T15:14:08","date_gmt":"2021-02-14T20:14:08","guid":{"rendered":"https:\/\/linitiative.ca\/International\/afrique-coupe-de-la-caf-16es-de-finale-bis-less-gagne-a-accra\/"},"modified":"2021-02-14T15:14:08","modified_gmt":"2021-02-14T20:14:08","slug":"afrique-coupe-de-la-caf-16es-de-finale-bis-less-gagne-a-accra","status":"publish","type":"post","link":"https:\/\/linitiative.ca\/International\/afrique-coupe-de-la-caf-16es-de-finale-bis-less-gagne-a-accra\/","title":{"rendered":"Afrique : Coupe de la CAF \u2013 16es de finale (bis): l\u2019ESS gagne \u00e0 Accra"},"content":{"rendered":"<div readability=\"32\">\n<p>Auteur : <span class=\"time\">dimanche 14 f\u00e9vrier 2021 18:23<\/span><\/p>\n<\/div>\n<div id=\"post_core\" readability=\"49\">\n<p>L\u2019Entente de S\u00e9tif a pris une s\u00e9rieuse option pour a qualification \u00e0 la phase de poule de la Coupe de la Conf\u00e9d\u00e9ration africaine de football (CAF) apr\u00e8s son succ\u00e8s arrach\u00e9, ce dimanche \u00e0 Accra (Ghana), face \u00e0 la formation de l&rsquo;Ashante Kotoko (1-2), en match comptant pour la manche aller du 2e tour pr\u00e9liminaire additionnel. C\u2019est une excellente op\u00e9ration que viennent de r\u00e9aliser les S\u00e9tifiens en terre ghan\u00e9enne. Le leader de la Ligue 1 s\u2019est ouvert grand les portes de la qualification \u00e0 la phase de groupes en damant le pion \u00e0 son h\u00f4te dans une partie \u00e0 rebondissements. En effet, les prot\u00e9g\u00e9s du technicien tunisien, Nabil El Kouki, ont tenu jusqu\u2019\u00e0 la 70e minute avec l\u2019ouverture du score des Ghan\u00e9ens sign\u00e9e Opoku. La r\u00e9action des Alg\u00e9riens a \u00e9t\u00e9 imm\u00e9diate, car l\u2019ESS a \u00e9galis\u00e9 dans la foul\u00e9e gr\u00e2ce \u00e0 sa p\u00e9pite, Amoura (74\u2019). Pour sa part, Kendoussi s\u2019est charg\u00e9 de faire le break \u00e0 la 80e minute. L&rsquo;Ashante Kotoko a eu la possibilit\u00e9 de niveler le score \u00e0 la 85e minute, sur penalty, mais le portier s\u00e9tifien, Khedairia, en a d\u00e9cid\u00e9 autrement. \u00c0 la faveur de cet important succ\u00e8s, l\u2019ESS peut pr\u00e9parer dans les meilleures conditions la manche retour pr\u00e9vue le dimanche 21 f\u00e9vrier prochain au stade du 08 Mai 1945 de S\u00e9tif.<\/p>\n<p><strong>Publi\u00e9 dans :<\/strong> <span>ess<\/span><\/p>\n<\/div>\n<p>Auteur:<br \/>\n<a href=\"http:\/\/www.lebuteur.com\/article\/detail?titre=coupe-de-la-caf-16es-de-finale-bis-less-gagne-a-accra&#038;id=99069&#038;utm_source=feedburner&#038;utm_medium=feed&#038;utm_campaign=Feed%3A+GalerieFArtciles+%28Les+derniers+articles++-+lebuteur.com%29\">Cliquez ici pour lire l&rsquo;article depuis sa source.<\/a><\/p>\n","protected":false},"excerpt":{"rendered":"<p>Auteur : dimanche 14 f\u00e9vrier 2021 18:23 L\u2019Entente de S\u00e9tif a pris une s\u00e9rieuse option pour a qualification \u00e0 la phase de poule de la Coupe de la Conf\u00e9d\u00e9ration africaine de football (CAF) apr\u00e8s son succ\u00e8s arrach\u00e9, ce dimanche \u00e0 Accra (Ghana), face \u00e0 la formation de l&rsquo;Ashante Kotoko (1-2), en match comptant pour la [&hellip;]<\/p>\n","protected":false},"author":1738,"featured_media":0,"comment_status":"closed","ping_status":"closed","sticky":false,"template":"","format":"standard","meta":{"fifu_image_url":"\/\/cdn.lebuteur.com\/data\/images\/article\/thumbs\/large-coupe-de-la-caf-16es-de-finale-bis-less-gagne-a-accra-bd37f.png","fifu_image_alt":"Afrique : Coupe de la CAF \u2013 16es de finale (bis): l\u2019ESS gagne \u00e0 Accra","footnotes":""},"categories":[53,75],"tags":[],"class_list":["post-111235","post","type-post","status-publish","format-standard","hentry","category-algerie","category-sport"],"_links":{"self":[{"href":"https:\/\/linitiative.ca\/International\/wp-json\/wp\/v2\/posts\/111235","targetHints":{"allow":["GET"]}}],"collection":[{"href":"https:\/\/linitiative.ca\/International\/wp-json\/wp\/v2\/posts"}],"about":[{"href":"https:\/\/linitiative.ca\/International\/wp-json\/wp\/v2\/types\/post"}],"author":[{"embeddable":true,"href":"https:\/\/linitiative.ca\/International\/wp-json\/wp\/v2\/users\/1738"}],"replies":[{"embeddable":true,"href":"https:\/\/linitiative.ca\/International\/wp-json\/wp\/v2\/comments?post=111235"}],"version-history":[{"count":0,"href":"https:\/\/linitiative.ca\/International\/wp-json\/wp\/v2\/posts\/111235\/revisions"}],"wp:attachment":[{"href":"https:\/\/linitiative.ca\/International\/wp-json\/wp\/v2\/media?parent=111235"}],"wp:term":[{"taxonomy":"category","embeddable":true,"href":"https:\/\/linitiative.ca\/International\/wp-json\/wp\/v2\/categories?post=111235"},{"taxonomy":"post_tag","embeddable":true,"href":"https:\/\/linitiative.ca\/International\/wp-json\/wp\/v2\/tags?post=111235"}],"curies":[{"name":"wp","href":"https:\/\/api.w.org\/{rel}","templated":true}]}}