{"id":111240,"date":"2021-02-14T06:00:00","date_gmt":"2021-02-14T11:00:00","guid":{"rendered":"https:\/\/linitiative.ca\/International\/moncef-chenoufi-il-etait-douceur\/"},"modified":"2021-02-14T06:00:00","modified_gmt":"2021-02-14T11:00:00","slug":"moncef-chenoufi-il-etait-douceur","status":"publish","type":"post","link":"https:\/\/linitiative.ca\/International\/moncef-chenoufi-il-etait-douceur\/","title":{"rendered":"Moncef Chenoufi: Il \u00e9tait douceur"},"content":{"rendered":"<p>Fin octobre 1973, au deuxi\u00e8me \u00e9tage du 33 rue du Louvre \u00e0 Paris, si\u00e8ge du Centre de formation des journalistes (CFJ), dans le bureau que la directrice Claire Richet partageait souvent avec le fondateur du journal Le Monde, Hubert Beuve-M\u00e9ry. Profitant d\u2019un passage dans la capitale fran\u00e7aise, Moncef Chenoufi rendait visite \u00e0 son homologue et voulait s\u2019enqu\u00e9rir des \u00e9tudes d\u2019un jeune \u00e9tudiant tunisien qu\u2019il avait encourag\u00e9 \u00e0 postuler au CFJ. Dans le froid et la grisaille de cet hiver parisien, le large sourire affectueux de Si Moncef r\u00e9chauffait le c\u0153ur. Plus de 45 ans apr\u00e8s, entre lui et l\u2019\u00e9tudiant, les relations, cordiales, ne s\u2019\u00e9taient gu\u00e8re interrompues.<\/p>\n<p>Ce n\u2019\u00e9tait pas leur unique lien. En 1992, Moncef Chenoufi \u00e9tait sollicit\u00e9 par l\u2019Universit\u00e9 du Kowe\u00eft pour y chapeauter l\u2019enseignement du journalisme et des sciences de l\u2019information. C\u00e9dant \u00e0 l\u2019invitation pressante, il l\u2019acceptera, se disant qu\u2019apr\u00e8s tout, il pourrait y aller pour une ann\u00e9e, deux au maximum. Dans ce pays qu\u2019il aimera et qui l\u2019aimera, il y passera 16 ans, comme dans un r\u00eave, comme il le confiera aux siens.<\/p>\n<p>Le Kowe\u00eft, c\u2019est le pays o\u00f9 le jeune \u00e9tudiant du CFJ, futur journaliste et communicateur, sera affect\u00e9 aupr\u00e8s de l\u2019ambassade de Tunisie de 1988 \u00e0 1990, jusqu\u2019\u00e0 l\u2019invasion par l\u2019Irak. Rentr\u00e9 de Kowe\u00eft, il fondera une agence de communication (THCOM), puis, en 2011, Leaders. D\u00e8s le premier num\u00e9ro, Si Moncef prenait un r\u00e9el plaisir \u00e0 le lire&#8230;<\/p>\n<p>Moncef Chenoufi a souvent \u00e9t\u00e9 au croisement des carri\u00e8res. Nous lui devons beaucoup.<\/p>\n<p class=\"c2\"><strong>Taoufik Habaieb<\/strong><\/p>\n<p class=\"c3\"><strong>Lire aussi<\/strong><\/p>\n<p class=\"c3\"><a href=\"https:\/\/www.leaders.com.tn\/article\/31422-moncef-chenoufi-le-savant-l-homme-et-le-manager\" target=\"_blank\" rel=\"noopener\">Moncef Chenoufi: Le savant, l\u2019homme et le manager<\/a><br \/>\u00a0<\/p>\n<p>Auteur:<br \/>\n<a href=\"https:\/\/www.leaders.com.tn\/article\/31429-moncef-chenoufi-il-etait-douceur\">Cliquez ici pour lire l&rsquo;article depuis sa source.<\/a><\/p>\n","protected":false},"excerpt":{"rendered":"<p>Fin octobre 1973, au deuxi\u00e8me \u00e9tage du 33 rue du Louvre \u00e0 Paris, si\u00e8ge du Centre de formation des journalistes (CFJ), dans le bureau que la directrice Claire Richet partageait souvent avec le fondateur du journal Le Monde, Hubert Beuve-M\u00e9ry. Profitant d\u2019un passage dans la capitale fran\u00e7aise, Moncef Chenoufi rendait visite \u00e0 son homologue et [&hellip;]<\/p>\n","protected":false},"author":1772,"featured_media":0,"comment_status":"closed","ping_status":"closed","sticky":false,"template":"","format":"standard","meta":{"fifu_image_url":"","fifu_image_alt":"","footnotes":""},"categories":[73,55],"tags":[],"class_list":["post-111240","post","type-post","status-publish","format-standard","hentry","category-actualite","category-tunisie"],"_links":{"self":[{"href":"https:\/\/linitiative.ca\/International\/wp-json\/wp\/v2\/posts\/111240","targetHints":{"allow":["GET"]}}],"collection":[{"href":"https:\/\/linitiative.ca\/International\/wp-json\/wp\/v2\/posts"}],"about":[{"href":"https:\/\/linitiative.ca\/International\/wp-json\/wp\/v2\/types\/post"}],"author":[{"embeddable":true,"href":"https:\/\/linitiative.ca\/International\/wp-json\/wp\/v2\/users\/1772"}],"replies":[{"embeddable":true,"href":"https:\/\/linitiative.ca\/International\/wp-json\/wp\/v2\/comments?post=111240"}],"version-history":[{"count":0,"href":"https:\/\/linitiative.ca\/International\/wp-json\/wp\/v2\/posts\/111240\/revisions"}],"wp:attachment":[{"href":"https:\/\/linitiative.ca\/International\/wp-json\/wp\/v2\/media?parent=111240"}],"wp:term":[{"taxonomy":"category","embeddable":true,"href":"https:\/\/linitiative.ca\/International\/wp-json\/wp\/v2\/categories?post=111240"},{"taxonomy":"post_tag","embeddable":true,"href":"https:\/\/linitiative.ca\/International\/wp-json\/wp\/v2\/tags?post=111240"}],"curies":[{"name":"wp","href":"https:\/\/api.w.org\/{rel}","templated":true}]}}